{"id":99,"date":"2024-09-05T08:49:54","date_gmt":"2024-09-05T11:49:54","guid":{"rendered":"https:\/\/lagopuelo.gob.ar\/cd\/?p=99"},"modified":"2024-09-05T08:49:54","modified_gmt":"2024-09-05T11:49:54","slug":"no-se-puede-hacer-oidos-sordos-a-los-reclamos-de-los-sectores-mas-vulnerables","status":"publish","type":"post","link":"https:\/\/lagopuelo.gob.ar\/cd\/novedades\/no-se-puede-hacer-oidos-sordos-a-los-reclamos-de-los-sectores-mas-vulnerables\/","title":{"rendered":"\u201cNo se puede hacer o\u00eddos sordos a los reclamos de los sectores m\u00e1s vulnerables\u201d"},"content":{"rendered":"\n<p>Lo dijo el gobernador provincial Ignacio \u201cNacho\u201d Torres en el marco de su visita a Lago Puelo, donde firm\u00f3 dos importantes convenios.<\/p>\n\n\n\n<p>El acto se llev\u00f3 a cabo pasado el mediod\u00eda en la Sala de Sesiones del<\/p>\n\n\n\n<p><a><\/a>Concejo Deliberante de la localidad y cont\u00f3 con la presencia de autoridades provinciales y municipales.<\/p>\n\n\n\n<p>En la oportunidad se firmaron dos convenios con la Administraci\u00f3n de Vialidad Provincial. El primero con el Municipio de El Hoyo sobre la pavimentaci\u00f3n con adoquines para calles de esa localidad, mientras que en el segundo se prev\u00e9 la pavimentaci\u00f3n con adoquines de hormig\u00f3n en el acceso al puente del Paraje Entre R\u00edos. \u201cSe trata de una obra muy esperada para la localidad y sobre todo por los vecinos de ese Paraje \u201d, dijo el jefe comunal de Lago Puelo, Iv\u00e1n Fern\u00e1ndez.<\/p>\n\n\n\n<p>Es un sector de importante circulaci\u00f3n, donde se encuentran las escuela 788 y 109 y el Centro de Salud del Paraje.<\/p>\n\n\n\n<p>En su discurso, el gobernador Torres felicit\u00f3 a los intendentes comarcales por trabajar en conjunto e hizo especial hincapi\u00e9 en equiparar la calidad de servicios para los vecinos de la Comarca con los del resto de las grandes ciudades chubutenses. Dijo que la Comarca estuvo relegada durante muchos a\u00f1os y al respecto subray\u00f3 \u201clo que no se puede hacer desde ning\u00fan punto de vista es hacer o\u00eddos sordos a los reclamos de los sectores m\u00e1s vulnerables.\u201d<\/p>\n\n\n\n<p>Y agreg\u00f3 \u201cnos toca un contexto dif\u00edcil pero tenemos la decisi\u00f3n pol\u00edtica de no acostumbrarnos a que la realidad es \u00e9sta. De que la normalidad es que los chicos no vayan a las escuelas, o que un pueblo de la Cordillera no tenga acceso a las mismas prestaciones m\u00e9dicas que en Comodoro Rivadavia o en Trelew.\u201d<\/p>\n\n\n\n<p>El intendente anfitri\u00f3n, Iv\u00e1n Fern\u00e1ndez recalc\u00f3 la necesidad de continuar avanzando poco a poco en la obra p\u00fablica. Dijo que si bien el gobierno nacional no le da prioridad \u201cla idea es trabajar en conjunto y poco a poco con el gobierno provincial para dar respuesta a la gente en materia de obra p\u00fablica\u201d<\/p>\n\n\n\n<p>Estuvieron presentes en el acto de hoy la Diputada Provincial la Ministra de Desarrollo Humano y Social, Florencia Papaiani; el Pte. de Vialidad Provincial , Hern\u00e1n T\u00f3rtola, el Presidente de Loter\u00eda Provincial de Chubut, Ramiro Ibarra;<\/p>\n\n\n\n<p>el Subsecretario de Asuntos Municipales , Gennaro P\u00e9rez; los Intendentes de Esquel, Mat\u00edas Taccetta y de El Hoyo, Cesar Salam\u00edn, el intendente y veceintendente de Lago Puelo, Iv\u00e1n Fern\u00e1ndez y Pablo Lapitzondo, los concejales Valeria Thalmann, Mar\u00eda In\u00e9s Hansen, Rodrigo Can\u00e9, Anal\u00eda Castro, Mat\u00edas Ojeda y Mario \u00c1lvarez.<\/p>\n\n\n\n<p><a href=\"https:\/\/www.facebook.com\/hashtag\/concejodeliberantedelagopuelo?__eep__=6&amp;__cft__[0]=AZUsebk7Jz_yIDJxOPmGasjWQwIcCbSHR1iftXVW0A67_0J45C47UxccnqxSo2eNDRZbQbHZZvbVCtg5YbFXlj-EN0zdDyWdGeLnz68fHytQuVVlK18aMXhl_OWQEesSt5B9a3eQs1S2sEgLl8eGvwgy2wwFhKDXNXRQPopOsvdpvhRadEKC5dkyMJiHJDZ2xEcR8Yno_DrZdGyWfMPJbY5y&amp;__tn__=*NK-R\">#ConcejoDeliberanteDeLagoPuelo<\/a><a href=\"https:\/\/www.facebook.com\/hashtag\/municipalidaddelagopuelo?__eep__=6&amp;__cft__[0]=AZUsebk7Jz_yIDJxOPmGasjWQwIcCbSHR1iftXVW0A67_0J45C47UxccnqxSo2eNDRZbQbHZZvbVCtg5YbFXlj-EN0zdDyWdGeLnz68fHytQuVVlK18aMXhl_OWQEesSt5B9a3eQs1S2sEgLl8eGvwgy2wwFhKDXNXRQPopOsvdpvhRadEKC5dkyMJiHJDZ2xEcR8Yno_DrZdGyWfMPJbY5y&amp;__tn__=*NK-R\">#MunicipalidadDeLagoPuelo<\/a><a href=\"https:\/\/www.facebook.com\/hashtag\/lagopuelo?__eep__=6&amp;__cft__[0]=AZUsebk7Jz_yIDJxOPmGasjWQwIcCbSHR1iftXVW0A67_0J45C47UxccnqxSo2eNDRZbQbHZZvbVCtg5YbFXlj-EN0zdDyWdGeLnz68fHytQuVVlK18aMXhl_OWQEesSt5B9a3eQs1S2sEgLl8eGvwgy2wwFhKDXNXRQPopOsvdpvhRadEKC5dkyMJiHJDZ2xEcR8Yno_DrZdGyWfMPJbY5y&amp;__tn__=*NK-R\">#LagoPuelo<\/a><a href=\"https:\/\/www.facebook.com\/hashtag\/chubut?__eep__=6&amp;__cft__[0]=AZUsebk7Jz_yIDJxOPmGasjWQwIcCbSHR1iftXVW0A67_0J45C47UxccnqxSo2eNDRZbQbHZZvbVCtg5YbFXlj-EN0zdDyWdGeLnz68fHytQuVVlK18aMXhl_OWQEesSt5B9a3eQs1S2sEgLl8eGvwgy2wwFhKDXNXRQPopOsvdpvhRadEKC5dkyMJiHJDZ2xEcR8Yno_DrZdGyWfMPJbY5y&amp;__tn__=*NK-R\">#Chubut<\/a><a href=\"https:\/\/www.facebook.com\/hashtag\/lagopuelochubut?__eep__=6&amp;__cft__[0]=AZUsebk7Jz_yIDJxOPmGasjWQwIcCbSHR1iftXVW0A67_0J45C47UxccnqxSo2eNDRZbQbHZZvbVCtg5YbFXlj-EN0zdDyWdGeLnz68fHytQuVVlK18aMXhl_OWQEesSt5B9a3eQs1S2sEgLl8eGvwgy2wwFhKDXNXRQPopOsvdpvhRadEKC5dkyMJiHJDZ2xEcR8Yno_DrZdGyWfMPJbY5y&amp;__tn__=*NK-R\">#LagoPueloChubut<\/a><a href=\"https:\/\/www.facebook.com\/photo\/?fbid=811950421051386&amp;set=pcb.811950464384715&amp;__cft__[0]=AZUsebk7Jz_yIDJxOPmGasjWQwIcCbSHR1iftXVW0A67_0J45C47UxccnqxSo2eNDRZbQbHZZvbVCtg5YbFXlj-EN0zdDyWdGeLnz68fHytQuVVlK18aMXhl_OWQEesSt5B9a3eQs1S2sEgLl8eGvwgy2wwFhKDXNXRQPopOsvdpvhRadEKC5dkyMJiHJDZ2xEcR8Yno_DrZdGyWfMPJbY5y&amp;__tn__=*bH-R\"><\/a><\/p>\n","protected":false},"excerpt":{"rendered":"<p>Lo dijo el gobernador provincial Ignacio \u201cNacho\u201d Torres en el marco de su visita a Lago Puelo, donde firm\u00f3 dos importantes convenios. El acto se llev\u00f3 a cabo pasado el mediod\u00eda en la Sala de Sesiones del Concejo Deliberante de la localidad y cont\u00f3 con la presencia de autoridades provinciales y municipales. En la oportunidad [&hellip;]<\/p>\n","protected":false},"author":1,"featured_media":100,"comment_status":"closed","ping_status":"closed","sticky":false,"template":"","format":"standard","meta":{"footnotes":""},"categories":[2],"tags":[],"class_list":["post-99","post","type-post","status-publish","format-standard","has-post-thumbnail","hentry","category-novedades"],"_links":{"self":[{"href":"https:\/\/lagopuelo.gob.ar\/cd\/wp-json\/wp\/v2\/posts\/99","targetHints":{"allow":["GET"]}}],"collection":[{"href":"https:\/\/lagopuelo.gob.ar\/cd\/wp-json\/wp\/v2\/posts"}],"about":[{"href":"https:\/\/lagopuelo.gob.ar\/cd\/wp-json\/wp\/v2\/types\/post"}],"author":[{"embeddable":true,"href":"https:\/\/lagopuelo.gob.ar\/cd\/wp-json\/wp\/v2\/users\/1"}],"replies":[{"embeddable":true,"href":"https:\/\/lagopuelo.gob.ar\/cd\/wp-json\/wp\/v2\/comments?post=99"}],"version-history":[{"count":1,"href":"https:\/\/lagopuelo.gob.ar\/cd\/wp-json\/wp\/v2\/posts\/99\/revisions"}],"predecessor-version":[{"id":101,"href":"https:\/\/lagopuelo.gob.ar\/cd\/wp-json\/wp\/v2\/posts\/99\/revisions\/101"}],"wp:featuredmedia":[{"embeddable":true,"href":"https:\/\/lagopuelo.gob.ar\/cd\/wp-json\/wp\/v2\/media\/100"}],"wp:attachment":[{"href":"https:\/\/lagopuelo.gob.ar\/cd\/wp-json\/wp\/v2\/media?parent=99"}],"wp:term":[{"taxonomy":"category","embeddable":true,"href":"https:\/\/lagopuelo.gob.ar\/cd\/wp-json\/wp\/v2\/categories?post=99"},{"taxonomy":"post_tag","embeddable":true,"href":"https:\/\/lagopuelo.gob.ar\/cd\/wp-json\/wp\/v2\/tags?post=99"}],"curies":[{"name":"wp","href":"https:\/\/api.w.org\/{rel}","templated":true}]}}