{"id":399,"date":"2024-11-29T09:55:51","date_gmt":"2024-11-29T12:55:51","guid":{"rendered":"https:\/\/lagopuelo.gob.ar\/cd\/?p=399"},"modified":"2024-11-29T09:55:51","modified_gmt":"2024-11-29T12:55:51","slug":"29-de-noviembre-dia-internacional-de-las-defensoras-de-derechos-humanos","status":"publish","type":"post","link":"https:\/\/lagopuelo.gob.ar\/cd\/novedades\/29-de-noviembre-dia-internacional-de-las-defensoras-de-derechos-humanos\/","title":{"rendered":"29 de noviembre: D\u00eda Internacional de las Defensoras de Derechos Humanos\u00a0"},"content":{"rendered":"<p>Durante esta fecha el Concejo Deliberante de Lago Puelo a trav\u00e9s de su Pta. Provisional, Valeria Thalmann destaca y acompa\u00f1a a aquellas personas que promueven y protegen los derechos humanos y las libertades fundamentales de manera pac\u00edfica.<\/p>\n<p>Este d\u00eda est\u00e1 dedicado al reconocimiento de las mujeres que, a t\u00edtulo individual o colectivo, trabajan para hacer realidad los derechos recogidos en la\u00a0<a href=\"https:\/\/es.wikipedia.org\/wiki\/Declaraci%C3%B3n_Universal_de_los_Derechos_Humanos\">Declaraci\u00f3n Universal de los Derechos Humanos<\/a>\u00a0y en las diversas normas que la desarrollan.<\/p>\n<p>Fue declarado durante la Primera Consulta Internacional de Mujeres Defensoras que se realiz\u00f3 en\u00a0<a href=\"https:\/\/es.wikipedia.org\/wiki\/Colombo\">Colombo<\/a>\u00a0(Sri Lanka) en el 2005\u200b y se celebra cada a\u00f1o desde el 29 de noviembre de 2006.<\/p>\n<p>La primera resoluci\u00f3n adoptada por la Asamblea General de la ONU sobre las defensoras de derechos humanos fue aprobada el 18 de diciembre de 2013 y es conocida como &#8220;Resoluci\u00f3n defensoras&#8221;.<\/p>\n<p>Un saludo a todas aquellas mujeres \u2013especialmente de Lago Puelo- que trabajan defendiendo los derechos y reivindic\u00e1ndolos, haci\u00e9ndolos propios. La invitaci\u00f3n es a no rendirse, a seguir construyendo un futuro mejor, m\u00e1s humano.<\/p>\n<p>#ConcejoDeliberanteDeLagoPuelo #MunicipalidadDeLagoPuelo #LagoPuelo #Chubut #LagoPueloChubut # D\u00edaInternacionalDefensorasDerechosHumanos<strong>\u00a0<\/strong><\/p>\n","protected":false},"excerpt":{"rendered":"<p>Durante esta fecha el Concejo Deliberante de Lago Puelo a trav\u00e9s de su Pta. Provisional, Valeria Thalmann destaca y acompa\u00f1a a aquellas personas que promueven y protegen los derechos humanos y las libertades fundamentales de manera pac\u00edfica. Este d\u00eda est\u00e1 dedicado al reconocimiento de las mujeres que, a t\u00edtulo individual o colectivo, trabajan para hacer [&hellip;]<\/p>\n","protected":false},"author":2,"featured_media":400,"comment_status":"closed","ping_status":"","sticky":false,"template":"","format":"standard","meta":{"footnotes":""},"categories":[2],"tags":[],"class_list":["post-399","post","type-post","status-publish","format-standard","has-post-thumbnail","hentry","category-novedades"],"_links":{"self":[{"href":"https:\/\/lagopuelo.gob.ar\/cd\/wp-json\/wp\/v2\/posts\/399","targetHints":{"allow":["GET"]}}],"collection":[{"href":"https:\/\/lagopuelo.gob.ar\/cd\/wp-json\/wp\/v2\/posts"}],"about":[{"href":"https:\/\/lagopuelo.gob.ar\/cd\/wp-json\/wp\/v2\/types\/post"}],"author":[{"embeddable":true,"href":"https:\/\/lagopuelo.gob.ar\/cd\/wp-json\/wp\/v2\/users\/2"}],"replies":[{"embeddable":true,"href":"https:\/\/lagopuelo.gob.ar\/cd\/wp-json\/wp\/v2\/comments?post=399"}],"version-history":[{"count":1,"href":"https:\/\/lagopuelo.gob.ar\/cd\/wp-json\/wp\/v2\/posts\/399\/revisions"}],"predecessor-version":[{"id":401,"href":"https:\/\/lagopuelo.gob.ar\/cd\/wp-json\/wp\/v2\/posts\/399\/revisions\/401"}],"wp:featuredmedia":[{"embeddable":true,"href":"https:\/\/lagopuelo.gob.ar\/cd\/wp-json\/wp\/v2\/media\/400"}],"wp:attachment":[{"href":"https:\/\/lagopuelo.gob.ar\/cd\/wp-json\/wp\/v2\/media?parent=399"}],"wp:term":[{"taxonomy":"category","embeddable":true,"href":"https:\/\/lagopuelo.gob.ar\/cd\/wp-json\/wp\/v2\/categories?post=399"},{"taxonomy":"post_tag","embeddable":true,"href":"https:\/\/lagopuelo.gob.ar\/cd\/wp-json\/wp\/v2\/tags?post=399"}],"curies":[{"name":"wp","href":"https:\/\/api.w.org\/{rel}","templated":true}]}}