{"id":374,"date":"2024-11-21T10:45:47","date_gmt":"2024-11-21T13:45:47","guid":{"rendered":"https:\/\/lagopuelo.gob.ar\/cd\/?p=374"},"modified":"2024-11-21T11:30:31","modified_gmt":"2024-11-21T14:30:31","slug":"resultados-de-la-sesion-ordinaria-de-hoy","status":"publish","type":"post","link":"https:\/\/lagopuelo.gob.ar\/cd\/novedades\/resultados-de-la-sesion-ordinaria-de-hoy\/","title":{"rendered":"Resultados de la Sesi\u00f3n Ordinaria de hoy"},"content":{"rendered":"<p>Esta ma\u00f1ana se desarroll\u00f3 una nueva sesi\u00f3n ordinaria en el Concejo Deliberante de Lago Puelo en la que participaron la totalidad de los ediles titulares y la concejal Paula Costa sesion\u00f3 como suplente del Concejal del Partido Justicialista, Mario \u00c1lvarez.<\/p>\n<p>Entre los temas tratados hoy, los ediles continuaron trabajando en brindar respuestas a los vecinos de la localidad sobre la necesidad de regularizaci\u00f3n de tierras dentro de nuestro ejido y teniendo en cuenta que esta problem\u00e1tica amerita un ordenamiento espec\u00edfico y en una norma tambi\u00e9n espec\u00edfica.<\/p>\n<p>Es por ello que la Comisi\u00f3n de Tierras y la totalidad de los ediles trabajan con este esp\u00edritu y objetivo basados en la ordenanza N\u00b0070\/24 CD MLP, la cual busca ordenar la situaci\u00f3n actual de tierras en un marco temporal en el cual se eval\u00faan las diversas situaciones que se han generado hasta el 31 de diciembre de 2023.<\/p>\n<p>Esta ma\u00f1ana en el marco de la sesi\u00f3n, vecinos del Paraje Entre R\u00edos pudieron comenzar con este ordenamiento en el marco del Programa de Regularizaci\u00f3n de Tierras.<\/p>\n<p><strong>Obligatoriedad de poda y mantenimiento de \u00e1rboles en nuestro ejido <\/strong><\/p>\n<p>Otros de los puntos votados por los concejales esta ma\u00f1ana por unanimidad fue establecer la obligatoriedad de poda, corte y mantenimiento de \u00e1rboles. Esta normativa tiene por objetivo velar por la seguridad y la protecci\u00f3n de todos los vecinos que habitan en el ejido de Lago Puelo, en este caso los relacionados con el cuidado adecuado de \u00e1rboles y vegetaci\u00f3n en propiedades particulares.<\/p>\n<p>Los concejales tuvieron en cuenta que dentro de esta normativa la necesidad de fomentar en la comunidad una mayor conciencia sobre la responsabilidad compartida en el cuidado de los espacios y <strong>servicios comunes <\/strong>y el correcto mantenimiento de la vegetaci\u00f3n en propiedades privadas para evitar la obstrucci\u00f3n de calles, caminos, veredas y otros espacios de uso p\u00fablico, los cuales deben permanecer despejados para facilitar el tr\u00e1nsito seguro de peatones, ciclistas, veh\u00edculos, otros.<\/p>\n<p>El Concejo Deliberante -a trav\u00e9s de esta ordenanza- vela por el orden, la seguridad y la protecci\u00f3n de los bienes p\u00fablicos, estableciendo mecanismos para prevenir situaciones de riesgo y sancionando las conductas que afecten negativamente el inter\u00e9s com\u00fan.<\/p>\n<p>La ordenanza promulgada hoy establece la implementaci\u00f3n de sanciones a los propietarios que no cumplan con el mantenimiento adecuado de la vegetaci\u00f3n en sus terrenos que afecten a la v\u00eda p\u00fablica implicando un riesgo directo para la infraestructura de servicios p\u00fablicos.<\/p>\n<p>Se busca con esta reglamentaci\u00f3n prevenir incidentes y concientizando a la poblaci\u00f3n sobre la importancia de la prevenci\u00f3n en favor del bien com\u00fan contribuyendo a un ambiente seguro y ordenado.<\/p>\n<p><strong>Sentido y Direcci\u00f3n de las calles<\/strong><\/p>\n<p>Otro de los puntos votados en forma un\u00e1nime por los concejales fue el que establece el sentido y direcci\u00f3n de las calles en Planta Urbana de nuestra localidad.<\/p>\n<p>En este marco, el Cuerpo Legislativo puelense reglament\u00f3 \u00a0la normativa referida al tr\u00e1nsito vehicular en las calles y avenidas ubicadas en el ejido municipal trabajando en consenso y teniendo en cuenta que no exist\u00eda hasta la fecha una reglamentaci\u00f3n al respecto.<\/p>\n<p>Algunas de las calles en las cuales se aplica la presente reglamentaci\u00f3n son Los Coirones, Los Avellanos, Las Mutisias, Amancay, Roble Pell\u00edn, entre otras.<\/p>\n<p>Por ejemplo se estableci\u00f3 el sentido de circulaci\u00f3n como \u00fanica mano de la calle El Huemul desde la intersecci\u00f3n con la Avenida Los Alerces hacia la intersecci\u00f3n con Ruta Provincial N\u00b0 16.<\/p>\n<p>Tambi\u00e9n qued\u00f3 establecido el sentido de circulaci\u00f3n \u00fanico de la calle Los Coihues desde la intersecci\u00f3n sur con la Avenida Los Alerces hacia la intersecci\u00f3n noreste con la misma avenida.<\/p>\n<p>#ConcejoDeliberanteDeLagoPuelo #MunicipalidadDeLagoPuelo #LagoPuelo #Chubut #LagoPueloChubut #Sesi\u00f3nOrdinaria21denoviembre2024<\/p>\n","protected":false},"excerpt":{"rendered":"<p>Esta ma\u00f1ana se desarroll\u00f3 una nueva sesi\u00f3n ordinaria en el Concejo Deliberante de Lago Puelo en la que participaron la totalidad de los ediles titulares y la concejal Paula Costa sesion\u00f3 como suplente del Concejal del Partido Justicialista, Mario \u00c1lvarez. Entre los temas tratados hoy, los ediles continuaron trabajando en brindar respuestas a los vecinos [&hellip;]<\/p>\n","protected":false},"author":2,"featured_media":375,"comment_status":"closed","ping_status":"","sticky":false,"template":"","format":"standard","meta":{"footnotes":""},"categories":[2],"tags":[],"class_list":["post-374","post","type-post","status-publish","format-standard","has-post-thumbnail","hentry","category-novedades"],"_links":{"self":[{"href":"https:\/\/lagopuelo.gob.ar\/cd\/wp-json\/wp\/v2\/posts\/374","targetHints":{"allow":["GET"]}}],"collection":[{"href":"https:\/\/lagopuelo.gob.ar\/cd\/wp-json\/wp\/v2\/posts"}],"about":[{"href":"https:\/\/lagopuelo.gob.ar\/cd\/wp-json\/wp\/v2\/types\/post"}],"author":[{"embeddable":true,"href":"https:\/\/lagopuelo.gob.ar\/cd\/wp-json\/wp\/v2\/users\/2"}],"replies":[{"embeddable":true,"href":"https:\/\/lagopuelo.gob.ar\/cd\/wp-json\/wp\/v2\/comments?post=374"}],"version-history":[{"count":4,"href":"https:\/\/lagopuelo.gob.ar\/cd\/wp-json\/wp\/v2\/posts\/374\/revisions"}],"predecessor-version":[{"id":379,"href":"https:\/\/lagopuelo.gob.ar\/cd\/wp-json\/wp\/v2\/posts\/374\/revisions\/379"}],"wp:featuredmedia":[{"embeddable":true,"href":"https:\/\/lagopuelo.gob.ar\/cd\/wp-json\/wp\/v2\/media\/375"}],"wp:attachment":[{"href":"https:\/\/lagopuelo.gob.ar\/cd\/wp-json\/wp\/v2\/media?parent=374"}],"wp:term":[{"taxonomy":"category","embeddable":true,"href":"https:\/\/lagopuelo.gob.ar\/cd\/wp-json\/wp\/v2\/categories?post=374"},{"taxonomy":"post_tag","embeddable":true,"href":"https:\/\/lagopuelo.gob.ar\/cd\/wp-json\/wp\/v2\/tags?post=374"}],"curies":[{"name":"wp","href":"https:\/\/api.w.org\/{rel}","templated":true}]}}