{"id":330,"date":"2024-11-07T12:55:31","date_gmt":"2024-11-07T15:55:31","guid":{"rendered":"https:\/\/lagopuelo.gob.ar\/cd\/?p=330"},"modified":"2024-11-07T12:55:31","modified_gmt":"2024-11-07T15:55:31","slug":"primera-sesion-ordinaria-de-noviembre","status":"publish","type":"post","link":"https:\/\/lagopuelo.gob.ar\/cd\/novedades\/primera-sesion-ordinaria-de-noviembre\/","title":{"rendered":"Primera sesi\u00f3n ordinaria de noviembre"},"content":{"rendered":"<p>Esta ma\u00f1ana se desarroll\u00f3 una nueva sesi\u00f3n ordinaria, la primera de este mes, en el Concejo Deliberante de Lago Puelo en la que se trataron veintitr\u00e9s temas establecidos en el orden del d\u00eda\u00a0 y seis sobre tablas.<\/p>\n<p>Participaron de la sesi\u00f3n, la totalidad de los concejales titulares y por el partido justicialista reemplazando al concejal Mario \u00c1lvarez estuvo presente la concejal Paula Costa.<\/p>\n<p>La Comisi\u00f3n de Tierras del Concejo y el Municipio puelense contin\u00faan trabajando en el Programa de Regularizaci\u00f3n de tierras y los concejales aprobaron por unanimidad esta ma\u00f1ana adjudicaciones en venta a vecinos de nuestra localidad.<\/p>\n<p>En el marco de la sesi\u00f3n, los ediles votaron afirmativamente un proyecto para implementar a trav\u00e9s de la Secretar\u00eda de Obras y Servicios P\u00fablicos de la Municipalidad de Lago Puelo la colocaci\u00f3n de carteler\u00eda de se\u00f1alizaci\u00f3n informativa, en inmediaciones de los destacamentos de veh\u00edculos de emergencia.<\/p>\n<p>En esta normativa qued\u00f3 establecida la demarcaci\u00f3n de calles colocando la leyenda PARE o DEJAR LIBRE el carril de la izquierda.<\/p>\n<p>Los trabajos se realizar\u00e1n en los edificios de Servicios de Emergencia de nuestra localidad como Bomberos Voluntarios, Polic\u00eda, Salida de ambulancia, Servicio Provincial del Manejo del Fuego y Defensa Civil.<\/p>\n<p>ARA SAN JUAN en Plaza Pud\u00fa Pud\u00fa<\/p>\n<p>Los concejales declararon de inter\u00e9s municipal y cultural el Espacio en Memoria de los 44 submarinistas del ARA San Juan, el cual qued\u00f3 establecido en la Plaza Pud\u00fa Pud\u00fa para emplazar maquetas, placas y carteler\u00eda conmemorativas del hundimiento del ARA SAN JUAN.<\/p>\n<p>El 15 de noviembre de cada a\u00f1o se recuerda el D\u00eda Nacional por la Memoria de los 44 H\u00e9roes y Hero\u00edna del submarino ARA SAN JUAN, y la reafirmaci\u00f3n y defensa de los derechos soberanos del Mar Argentino, seg\u00fan la Ley Nacional 27.758 promulgada el 17 de octubre de 2024.<\/p>\n<p>Esta iniciativa destaca a vecinos, veteranos de guerra, personal retirado y en actividad de la Armada Argentina emplazando en un espacio p\u00fablico de nuestra localidad.<\/p>\n<p>Qued\u00f3 declarado de Inter\u00e9s Municipal por parte de todos los concejales \u201cGORA SALUD\u201d, un proyecto de administraci\u00f3n de Quimioterapia endovenosa y atenci\u00f3n a la salud propuesto por la Licenciada en Enfermer\u00eda Danisa Torres quien se especializ\u00f3 en Oncolog\u00eda.<\/p>\n<p>Este proyecto se emplazar\u00eda en el Paraje Entre R\u00edos de nuestra localidad y pretende cubrir las necesidades de enfermer\u00eda como inyectables, curaciones, hidrataciones, administraci\u00f3n de antibi\u00f3tico endovenoso, insulinas, limpieza de Porth a Cath (cat\u00e9ter para la administraci\u00f3n de quimioterapia), nutrici\u00f3n, psicolog\u00eda oncol\u00f3gica, educaci\u00f3n, contenci\u00f3n y acompa\u00f1amiento al paciente y la familia, destinado a infancias, adolescencias, adultos y adultos mayores.<\/p>\n<p>Sobre tablas, los concejales declararon de inter\u00e9s municipal el proyecto \u201cBecuadro\u201d, el cual se destaca por la oferta gratuita de actividades tales como cortometrajes, podcasts, conferencias y talleres que buscan conectar con personas de todas las edades, generando un espacio de apoyo y aprendizaje para el bienestar emocional.<\/p>\n<p>Tambi\u00e9n se aprobaron en forma un\u00e1nime sobre tablas el Tercer Festival de Cine Documental PUELO docs, la 1\u00b0 Feria del Libro 2024 y el Festival Acusticazo 5\/Lago Puelo, una actividad organizada por la Direcci\u00f3n de Cultura de gran relevancia para la comunidad por su plataforma de expresi\u00f3n y difusi\u00f3n para artistas locales y regionales, especialmente del g\u00e9nero rock ac\u00fastico, y permiti\u00e9ndoles presentarse ante un p\u00fablico amplio y diverso.<\/p>\n<p>#ConcejoDeliberanteDeLagoPuelo #MunicipalidadDeLagoPuelo #LagoPuelo #Chubut #LagoPueloChubut #PrimeraSesionNoviembre<\/p>\n<p>&nbsp;<\/p>\n","protected":false},"excerpt":{"rendered":"<p>Esta ma\u00f1ana se desarroll\u00f3 una nueva sesi\u00f3n ordinaria, la primera de este mes, en el Concejo Deliberante de Lago Puelo en la que se trataron veintitr\u00e9s temas establecidos en el orden del d\u00eda\u00a0 y seis sobre tablas. Participaron de la sesi\u00f3n, la totalidad de los concejales titulares y por el partido justicialista reemplazando al concejal [&hellip;]<\/p>\n","protected":false},"author":2,"featured_media":331,"comment_status":"closed","ping_status":"","sticky":false,"template":"","format":"standard","meta":{"footnotes":""},"categories":[2],"tags":[],"class_list":["post-330","post","type-post","status-publish","format-standard","has-post-thumbnail","hentry","category-novedades"],"_links":{"self":[{"href":"https:\/\/lagopuelo.gob.ar\/cd\/wp-json\/wp\/v2\/posts\/330","targetHints":{"allow":["GET"]}}],"collection":[{"href":"https:\/\/lagopuelo.gob.ar\/cd\/wp-json\/wp\/v2\/posts"}],"about":[{"href":"https:\/\/lagopuelo.gob.ar\/cd\/wp-json\/wp\/v2\/types\/post"}],"author":[{"embeddable":true,"href":"https:\/\/lagopuelo.gob.ar\/cd\/wp-json\/wp\/v2\/users\/2"}],"replies":[{"embeddable":true,"href":"https:\/\/lagopuelo.gob.ar\/cd\/wp-json\/wp\/v2\/comments?post=330"}],"version-history":[{"count":1,"href":"https:\/\/lagopuelo.gob.ar\/cd\/wp-json\/wp\/v2\/posts\/330\/revisions"}],"predecessor-version":[{"id":332,"href":"https:\/\/lagopuelo.gob.ar\/cd\/wp-json\/wp\/v2\/posts\/330\/revisions\/332"}],"wp:featuredmedia":[{"embeddable":true,"href":"https:\/\/lagopuelo.gob.ar\/cd\/wp-json\/wp\/v2\/media\/331"}],"wp:attachment":[{"href":"https:\/\/lagopuelo.gob.ar\/cd\/wp-json\/wp\/v2\/media?parent=330"}],"wp:term":[{"taxonomy":"category","embeddable":true,"href":"https:\/\/lagopuelo.gob.ar\/cd\/wp-json\/wp\/v2\/categories?post=330"},{"taxonomy":"post_tag","embeddable":true,"href":"https:\/\/lagopuelo.gob.ar\/cd\/wp-json\/wp\/v2\/tags?post=330"}],"curies":[{"name":"wp","href":"https:\/\/api.w.org\/{rel}","templated":true}]}}