{"id":307,"date":"2024-10-31T10:52:58","date_gmt":"2024-10-31T13:52:58","guid":{"rendered":"https:\/\/lagopuelo.gob.ar\/cd\/?p=307"},"modified":"2024-10-31T10:56:37","modified_gmt":"2024-10-31T13:56:37","slug":"con-la-premisa-por-unos-cuidados-mas-justos-se-realizo-una-jornada-al-aire-libre-en-el-mes-de-la-prevencion-de-cancer-de-mama","status":"publish","type":"post","link":"https:\/\/lagopuelo.gob.ar\/cd\/novedades\/con-la-premisa-por-unos-cuidados-mas-justos-se-realizo-una-jornada-al-aire-libre-en-el-mes-de-la-prevencion-de-cancer-de-mama\/","title":{"rendered":"Con la premisa \u201cPor unos cuidados m\u00e1s justos\u201d se realiz\u00f3 una jornada al aire libre en el mes de la prevenci\u00f3n de c\u00e1ncer de mama."},"content":{"rendered":"\n<p>Con una excelente participaci\u00f3n, la Plaza Central de Lago Puelo fue testigo de una colorida tarde rosada con actividades recreativas y deportivas, charlas institucionales, stands informativos y mucho m\u00e1s.<\/p>\n\n\n\n<p>El <a><\/a>objetivo de la actividad fue concientizar sobre la prevenci\u00f3n de una enfermedad que afecta a mujeres y a hombres y que puede prevenirse con controles peri\u00f3dicos.<\/p>\n\n\n\n<p>Un banco pintado de rosado, una carrera con pecheras rosas, clases de zumba en el escenario de la Plaza, cortes de pelo gratuitos a cargo del taller de Peluquer\u00eda coordinado por Carola Mendoza, fueron algunas de las actividades que el p\u00fablico pudo vivir y disfrutar en un tarde de sol.<\/p>\n\n\n\n<p>Fueron participes del evento la Direcci\u00f3n de la Mujer y la Familia, la Direcci\u00f3n de Deportes, Trabajadores Comunitarios de la Salud en Terreno, Cardio Traning, Zumba con Yesica Ponce, la Secretaria de Salud provincial, la Unidad Interministerial Comarcal y el Ministerio de Desarrollo Humano y Social, Delegaci\u00f3n Lago Puelo.<\/p>\n\n\n\n<p>Recordemos que el evento mes rosa fue declarado de inter\u00e9s municipal por el Concejo Deliberante de Lago Puelo en el marco del D\u00eda Internacional de la Lucha contra el C\u00e1ncer de mama el cual se conmemora el 19 de octubre. Estuvieron presentes en la jornada de hoy los concejales Valeria Thalmann, Mar\u00eda In\u00e9s Hansen, Analia Castro y Mat\u00edas Ojeda.<\/p>\n\n\n<p><a href=\"https:\/\/www.facebook.com\/hashtag\/concejodeliberantedelagopuelo?__eep__=6&amp;__cft__%5b0%5d=AZW2GGPZTHZQ6gZ0UFSt81dIkD0m-W7y1M3b40fKZsmXqsod1utaCWERxLKFfO0tizTzY61dE83kNk0FIvwsc86wthjPSzYEbkqdVRqE0WYyIiKgruwsVOKHq0mz5IBXYytRW39yD95jB1kzttLPEvWFBih5dsQdqQ3422Hgo8gpYy3fbiyJO5ry0Pk80UUwJ71MSWiWnIN2kMtPp303W_fL&amp;__tn__=*NK-R\">#ConcejoDeliberanteDeLagoPuelo<\/a> <a href=\"https:\/\/www.facebook.com\/hashtag\/municipalidaddelagopuelo?__eep__=6&amp;__cft__%5b0%5d=AZW2GGPZTHZQ6gZ0UFSt81dIkD0m-W7y1M3b40fKZsmXqsod1utaCWERxLKFfO0tizTzY61dE83kNk0FIvwsc86wthjPSzYEbkqdVRqE0WYyIiKgruwsVOKHq0mz5IBXYytRW39yD95jB1kzttLPEvWFBih5dsQdqQ3422Hgo8gpYy3fbiyJO5ry0Pk80UUwJ71MSWiWnIN2kMtPp303W_fL&amp;__tn__=*NK-R\">#MunicipalidadDeLagoPuelo<\/a> <a href=\"https:\/\/www.facebook.com\/hashtag\/lagopuelo?__eep__=6&amp;__cft__%5b0%5d=AZW2GGPZTHZQ6gZ0UFSt81dIkD0m-W7y1M3b40fKZsmXqsod1utaCWERxLKFfO0tizTzY61dE83kNk0FIvwsc86wthjPSzYEbkqdVRqE0WYyIiKgruwsVOKHq0mz5IBXYytRW39yD95jB1kzttLPEvWFBih5dsQdqQ3422Hgo8gpYy3fbiyJO5ry0Pk80UUwJ71MSWiWnIN2kMtPp303W_fL&amp;__tn__=*NK-R\">#LagoPuelo<\/a>#Chubut <a href=\"https:\/\/www.facebook.com\/hashtag\/lagopuelochubut?__eep__=6&amp;__cft__%5b0%5d=AZW2GGPZTHZQ6gZ0UFSt81dIkD0m-W7y1M3b40fKZsmXqsod1utaCWERxLKFfO0tizTzY61dE83kNk0FIvwsc86wthjPSzYEbkqdVRqE0WYyIiKgruwsVOKHq0mz5IBXYytRW39yD95jB1kzttLPEvWFBih5dsQdqQ3422Hgo8gpYy3fbiyJO5ry0Pk80UUwJ71MSWiWnIN2kMtPp303W_fL&amp;__tn__=*NK-R\">#LagoPueloChubut<\/a><\/p>","protected":false},"excerpt":{"rendered":"<p>Con una excelente participaci\u00f3n, la Plaza Central de Lago Puelo fue testigo de una colorida tarde rosada con actividades recreativas y deportivas, charlas institucionales, stands informativos y mucho m\u00e1s. El objetivo de la actividad fue concientizar sobre la prevenci\u00f3n de una enfermedad que afecta a mujeres y a hombres y que puede prevenirse con controles [&hellip;]<\/p>\n","protected":false},"author":2,"featured_media":308,"comment_status":"closed","ping_status":"","sticky":false,"template":"","format":"standard","meta":{"footnotes":""},"categories":[2],"tags":[],"class_list":["post-307","post","type-post","status-publish","format-standard","has-post-thumbnail","hentry","category-novedades"],"_links":{"self":[{"href":"https:\/\/lagopuelo.gob.ar\/cd\/wp-json\/wp\/v2\/posts\/307","targetHints":{"allow":["GET"]}}],"collection":[{"href":"https:\/\/lagopuelo.gob.ar\/cd\/wp-json\/wp\/v2\/posts"}],"about":[{"href":"https:\/\/lagopuelo.gob.ar\/cd\/wp-json\/wp\/v2\/types\/post"}],"author":[{"embeddable":true,"href":"https:\/\/lagopuelo.gob.ar\/cd\/wp-json\/wp\/v2\/users\/2"}],"replies":[{"embeddable":true,"href":"https:\/\/lagopuelo.gob.ar\/cd\/wp-json\/wp\/v2\/comments?post=307"}],"version-history":[{"count":3,"href":"https:\/\/lagopuelo.gob.ar\/cd\/wp-json\/wp\/v2\/posts\/307\/revisions"}],"predecessor-version":[{"id":311,"href":"https:\/\/lagopuelo.gob.ar\/cd\/wp-json\/wp\/v2\/posts\/307\/revisions\/311"}],"wp:featuredmedia":[{"embeddable":true,"href":"https:\/\/lagopuelo.gob.ar\/cd\/wp-json\/wp\/v2\/media\/308"}],"wp:attachment":[{"href":"https:\/\/lagopuelo.gob.ar\/cd\/wp-json\/wp\/v2\/media?parent=307"}],"wp:term":[{"taxonomy":"category","embeddable":true,"href":"https:\/\/lagopuelo.gob.ar\/cd\/wp-json\/wp\/v2\/categories?post=307"},{"taxonomy":"post_tag","embeddable":true,"href":"https:\/\/lagopuelo.gob.ar\/cd\/wp-json\/wp\/v2\/tags?post=307"}],"curies":[{"name":"wp","href":"https:\/\/api.w.org\/{rel}","templated":true}]}}