{"id":287,"date":"2024-10-25T12:58:38","date_gmt":"2024-10-25T15:58:38","guid":{"rendered":"https:\/\/lagopuelo.gob.ar\/cd\/?p=287"},"modified":"2024-10-25T12:58:38","modified_gmt":"2024-10-25T15:58:38","slug":"sesiono-el-concejo-deliberante-de-lago-puelo","status":"publish","type":"post","link":"https:\/\/lagopuelo.gob.ar\/cd\/novedades\/sesiono-el-concejo-deliberante-de-lago-puelo\/","title":{"rendered":"Sesion\u00f3 el Concejo Deliberante de Lago Puelo"},"content":{"rendered":"<p>Esta ma\u00f1ana se realiz\u00f3 una nueva sesi\u00f3n ordinaria en el Concejo Deliberante de Lago Puelo en la cual se trataron diecisiete temas establecidos en el orden del d\u00eda.<\/p>\n<p>Uno de los primeros temas tratados hoy fue la ratificaci\u00f3n de un convenio entre la Municipalidad de Lago Puelo y la Fundaci\u00f3n Sordos\u00a0 Comahue. En dicho convenio las partes acordaron establecer una estrecha relaci\u00f3n de intercambio de conocimientos, experiencias y recursos con objeto de mejorar la calidad de vida de la comunidad en general y las personas con discapacidad en particular, a trav\u00e9s de programas de capacitaci\u00f3n en distintas tem\u00e1ticas de Discapacidad y Accesibilidad.<\/p>\n<p>Hicieron uso del espacio de la banca del vecino integrantes de la comunidad educativa (estudiantes, docentes, auxiliares de la educaci\u00f3n, madres, padres, familias) de la localidad a fin de exponer la continuidad de los estudios secundarios y terciarios a quienes tienen hijos y no cuentan con quien los cuide en horario escolar.<\/p>\n<p>En el marco del programa de Regularizaci\u00f3n de Tierras que se est\u00e1 trabajando desde el Municipio de Lago Puelo y desde el seno del Concejo Deliberante y especialmente desde la Comisi\u00f3n de Tierras se aprobaron cinco adjudicaciones en venta a vecinos de nuestra localidad.<\/p>\n<p>Las personas interesadas en regularizar sus terrenos podr\u00e1n presentarse de lunes a viernes en el Departamento de Catastro Municipal que se encuentra ubicado detr\u00e1s del edificio municipal, ex oficina de Recaudaciones.<\/p>\n<p>En el marco de la sesi\u00f3n llevada a cabo esta ma\u00f1ana se declar\u00f3 de inter\u00e9s la 9na. Edici\u00f3n del Encuentro \u201cEncanto Oriental\u201d organizado por una vecina reconocida en el ambiente de la danza \u00e1rabe desde su pr\u00e1ctica y su ense\u00f1anza, Sra. Carola Mendoza. \u00a0El evento se llevar\u00e1 a cabo el d\u00eda s\u00e1bado 2 de noviembre del corriente \u00a0en la Casa de la Cultura de la Municipalidad de Lago Puelo y contar\u00e1 con la participaci\u00f3n de Alfredo Setrak, quien ha comenzado su carrera en el a\u00f1o 1975 contando con una amplia experiencia y trayectoria como as\u00ed tambi\u00e9n Ambar Bellydancer reconocida bailarina nacional e internacional que ha dictado seminarios en diferentes pa\u00edses del mundo.<\/p>\n<p>&nbsp;<\/p>\n<p><a href=\"https:\/\/www.facebook.com\/hashtag\/concejodeliberantedelagopuelo?__eep__=6&amp;__cft__%5b0%5d=AZW2GGPZTHZQ6gZ0UFSt81dIkD0m-W7y1M3b40fKZsmXqsod1utaCWERxLKFfO0tizTzY61dE83kNk0FIvwsc86wthjPSzYEbkqdVRqE0WYyIiKgruwsVOKHq0mz5IBXYytRW39yD95jB1kzttLPEvWFBih5dsQdqQ3422Hgo8gpYy3fbiyJO5ry0Pk80UUwJ71MSWiWnIN2kMtPp303W_fL&amp;__tn__=*NK-R\">#ConcejoDeliberanteDeLagoPuelo<\/a> <a href=\"https:\/\/www.facebook.com\/hashtag\/municipalidaddelagopuelo?__eep__=6&amp;__cft__%5b0%5d=AZW2GGPZTHZQ6gZ0UFSt81dIkD0m-W7y1M3b40fKZsmXqsod1utaCWERxLKFfO0tizTzY61dE83kNk0FIvwsc86wthjPSzYEbkqdVRqE0WYyIiKgruwsVOKHq0mz5IBXYytRW39yD95jB1kzttLPEvWFBih5dsQdqQ3422Hgo8gpYy3fbiyJO5ry0Pk80UUwJ71MSWiWnIN2kMtPp303W_fL&amp;__tn__=*NK-R\">#MunicipalidadDeLagoPuelo<\/a> <a href=\"https:\/\/www.facebook.com\/hashtag\/lagopuelo?__eep__=6&amp;__cft__%5b0%5d=AZW2GGPZTHZQ6gZ0UFSt81dIkD0m-W7y1M3b40fKZsmXqsod1utaCWERxLKFfO0tizTzY61dE83kNk0FIvwsc86wthjPSzYEbkqdVRqE0WYyIiKgruwsVOKHq0mz5IBXYytRW39yD95jB1kzttLPEvWFBih5dsQdqQ3422Hgo8gpYy3fbiyJO5ry0Pk80UUwJ71MSWiWnIN2kMtPp303W_fL&amp;__tn__=*NK-R\">#LagoPuelo<\/a>#Chubut <a href=\"https:\/\/www.facebook.com\/hashtag\/lagopuelochubut?__eep__=6&amp;__cft__%5b0%5d=AZW2GGPZTHZQ6gZ0UFSt81dIkD0m-W7y1M3b40fKZsmXqsod1utaCWERxLKFfO0tizTzY61dE83kNk0FIvwsc86wthjPSzYEbkqdVRqE0WYyIiKgruwsVOKHq0mz5IBXYytRW39yD95jB1kzttLPEvWFBih5dsQdqQ3422Hgo8gpYy3fbiyJO5ry0Pk80UUwJ71MSWiWnIN2kMtPp303W_fL&amp;__tn__=*NK-R\">#LagoPueloChubut<\/a><\/p>\n","protected":false},"excerpt":{"rendered":"<p>Esta ma\u00f1ana se realiz\u00f3 una nueva sesi\u00f3n ordinaria en el Concejo Deliberante de Lago Puelo en la cual se trataron diecisiete temas establecidos en el orden del d\u00eda. Uno de los primeros temas tratados hoy fue la ratificaci\u00f3n de un convenio entre la Municipalidad de Lago Puelo y la Fundaci\u00f3n Sordos\u00a0 Comahue. En dicho convenio [&hellip;]<\/p>\n","protected":false},"author":2,"featured_media":289,"comment_status":"closed","ping_status":"","sticky":false,"template":"","format":"standard","meta":{"footnotes":""},"categories":[2],"tags":[],"class_list":["post-287","post","type-post","status-publish","format-standard","has-post-thumbnail","hentry","category-novedades"],"_links":{"self":[{"href":"https:\/\/lagopuelo.gob.ar\/cd\/wp-json\/wp\/v2\/posts\/287","targetHints":{"allow":["GET"]}}],"collection":[{"href":"https:\/\/lagopuelo.gob.ar\/cd\/wp-json\/wp\/v2\/posts"}],"about":[{"href":"https:\/\/lagopuelo.gob.ar\/cd\/wp-json\/wp\/v2\/types\/post"}],"author":[{"embeddable":true,"href":"https:\/\/lagopuelo.gob.ar\/cd\/wp-json\/wp\/v2\/users\/2"}],"replies":[{"embeddable":true,"href":"https:\/\/lagopuelo.gob.ar\/cd\/wp-json\/wp\/v2\/comments?post=287"}],"version-history":[{"count":1,"href":"https:\/\/lagopuelo.gob.ar\/cd\/wp-json\/wp\/v2\/posts\/287\/revisions"}],"predecessor-version":[{"id":290,"href":"https:\/\/lagopuelo.gob.ar\/cd\/wp-json\/wp\/v2\/posts\/287\/revisions\/290"}],"wp:featuredmedia":[{"embeddable":true,"href":"https:\/\/lagopuelo.gob.ar\/cd\/wp-json\/wp\/v2\/media\/289"}],"wp:attachment":[{"href":"https:\/\/lagopuelo.gob.ar\/cd\/wp-json\/wp\/v2\/media?parent=287"}],"wp:term":[{"taxonomy":"category","embeddable":true,"href":"https:\/\/lagopuelo.gob.ar\/cd\/wp-json\/wp\/v2\/categories?post=287"},{"taxonomy":"post_tag","embeddable":true,"href":"https:\/\/lagopuelo.gob.ar\/cd\/wp-json\/wp\/v2\/tags?post=287"}],"curies":[{"name":"wp","href":"https:\/\/api.w.org\/{rel}","templated":true}]}}