{"id":279,"date":"2024-10-07T12:47:36","date_gmt":"2024-10-07T15:47:36","guid":{"rendered":"https:\/\/lagopuelo.gob.ar\/cd\/?p=279"},"modified":"2024-10-07T12:47:36","modified_gmt":"2024-10-07T15:47:36","slug":"regimen-de-regularizacion-de-tierras-en-el-ejido-de-lago-puelo","status":"publish","type":"post","link":"https:\/\/lagopuelo.gob.ar\/cd\/novedades\/regimen-de-regularizacion-de-tierras-en-el-ejido-de-lago-puelo\/","title":{"rendered":"R\u00e9gimen de Regularizaci\u00f3n de Tierras en el ejido de Lago Puelo"},"content":{"rendered":"<p>Esta ma\u00f1ana se realiz\u00f3 una conferencia de prensa sobre el R\u00e9gimen de Regularizaci\u00f3n de Tierras en el ejido de Lago Puelo. Fue en el despacho del intendente municipal Iv\u00e1n Fern\u00e1ndez y participaron el Pte. Del Concejo Deliberante, Pablo Lapitzondo, la Pta. Provisional, Valeria Thalmann y los concejales Rodrigo Can\u00e9 Vara y Mar\u00eda In\u00e9s Hansen.<\/p>\n<p>Recordemos que la normativa sobre esta tem\u00e1tica<strong> hab\u00eda sido votada por unanimidad <\/strong>en la sesi\u00f3n ordinaria del 27 de septiembre de este a\u00f1o.<\/p>\n<p>&nbsp;<\/p>\n<p>El intendente Iv\u00e1n Fern\u00e1ndez agradeci\u00f3 tanto al Viceintendente como a todos los concejales -a los del oficialismo y de la oposici\u00f3n- por haber trabajado en la promulgaci\u00f3n de esta ordenanza y agreg\u00f3 que \u201cel 10 de diciembre cuando asumimos dec\u00edamos que necesit\u00e1bamos un Concejo Deliberante superador, m\u00e1s all\u00e1 de las diferencias pol\u00edticas, y ahora lo tenemos.\u201d<\/p>\n<p>Por su parte sostuvo, \u201cnos queda un fuerte trabajo por delante, a partir de ahora los vecinos se podr\u00e1n presentar de forma espont\u00e1nea en el Departamento de Tierras y si bien no se realizar\u00e1 el tr\u00e1mite en forma inmediata, se comenzar\u00e1 a trabajar al respecto.\u201d<\/p>\n<p>El Viceintendente, Pablo Lapitzondo record\u00f3 que esta iniciativa hab\u00eda sido trabajada previa a las elecciones, \u201cten\u00edamos un compromiso con los vecinos y ni bien asumimos los concejales tomaron la posta de todo este requerimiento. Fueron cinco o seis meses de trabajo continuo y de consenso dentro del seno del Concejo y con todos los bloques.\u201d<\/p>\n<p>La Pta. Provisional, Valeria Thalmann explic\u00f3 que este plan que se comienza a realizar luego de la sanci\u00f3n de la ordenanza es para las situaciones consolidadas al 31 de diciembre del 2023 y tiene un alcance temporal hasta el 31 de diciembre de 2025. Se trata de un proyecto que abarca a las ocupaciones reconocidas y para las propiedades privadas.<\/p>\n<p>Y opin\u00f3 que \u201ccon esta iniciativa \u201cse piensa en un ordenamiento territorial a futuro ya que venimos de gestiones previas de mucha desorganizaci\u00f3n.\u201d<\/p>\n<p>Por \u00faltimo, la concejal Thalmann inform\u00f3 que el proyecto estar\u00e1 pronto a disposici\u00f3n de todos los vecinos y que podr\u00e1n solicitarlo el Concejo Deliberante o en la p\u00e1gina web del Concejo <a href=\"https:\/\/lagopuelo.gob.ar\/cd\/digesto\/\">https:\/\/lagopuelo.gob.ar\/cd\/digesto\/<\/a><\/p>\n<p><a href=\"https:\/\/www.facebook.com\/hashtag\/municipalidaddelagopuelo?__eep__=6&amp;__cft__%5b0%5d=AZUT3Pmm4UL8-zoJy3hQc1D8grFb2CWLAHK9MmS9aUjIEpDOZQDD9mTmPnwhElpGFqr8ZzjDo0pzl2n9chQ4Hqir0s3FrfAGASChmevlhDjBDNAx0nprS2RqOfnTwtqd4M449B6JJ9Xkl7yJyasF5xpOSHvZv14f_-aQzCk4Ja4VWP7fx9qmdV4N_tTVxrcXlEpFVZ21v3IOnY31kf4fuKY1&amp;__tn__=*NK-R\">#ConcejoDeliberanteDeLagoPuelo #MunicipalidadDeLagoPuelo<\/a> <a href=\"https:\/\/www.facebook.com\/hashtag\/lagopuelo?__eep__=6&amp;__cft__%5b0%5d=AZUT3Pmm4UL8-zoJy3hQc1D8grFb2CWLAHK9MmS9aUjIEpDOZQDD9mTmPnwhElpGFqr8ZzjDo0pzl2n9chQ4Hqir0s3FrfAGASChmevlhDjBDNAx0nprS2RqOfnTwtqd4M449B6JJ9Xkl7yJyasF5xpOSHvZv14f_-aQzCk4Ja4VWP7fx9qmdV4N_tTVxrcXlEpFVZ21v3IOnY31kf4fuKY1&amp;__tn__=*NK-R\">#LagoPuelo<\/a> <a href=\"https:\/\/www.facebook.com\/hashtag\/chubut?__eep__=6&amp;__cft__%5b0%5d=AZUT3Pmm4UL8-zoJy3hQc1D8grFb2CWLAHK9MmS9aUjIEpDOZQDD9mTmPnwhElpGFqr8ZzjDo0pzl2n9chQ4Hqir0s3FrfAGASChmevlhDjBDNAx0nprS2RqOfnTwtqd4M449B6JJ9Xkl7yJyasF5xpOSHvZv14f_-aQzCk4Ja4VWP7fx9qmdV4N_tTVxrcXlEpFVZ21v3IOnY31kf4fuKY1&amp;__tn__=*NK-R\">#Chubut<\/a> <a href=\"https:\/\/www.facebook.com\/hashtag\/lagopuelochubut?__eep__=6&amp;__cft__%5b0%5d=AZUT3Pmm4UL8-zoJy3hQc1D8grFb2CWLAHK9MmS9aUjIEpDOZQDD9mTmPnwhElpGFqr8ZzjDo0pzl2n9chQ4Hqir0s3FrfAGASChmevlhDjBDNAx0nprS2RqOfnTwtqd4M449B6JJ9Xkl7yJyasF5xpOSHvZv14f_-aQzCk4Ja4VWP7fx9qmdV4N_tTVxrcXlEpFVZ21v3IOnY31kf4fuKY1&amp;__tn__=*NK-R\">#LagoPueloChubut<\/a><\/p>\n","protected":false},"excerpt":{"rendered":"<p>Esta ma\u00f1ana se realiz\u00f3 una conferencia de prensa sobre el R\u00e9gimen de Regularizaci\u00f3n de Tierras en el ejido de Lago Puelo. Fue en el despacho del intendente municipal Iv\u00e1n Fern\u00e1ndez y participaron el Pte. Del Concejo Deliberante, Pablo Lapitzondo, la Pta. Provisional, Valeria Thalmann y los concejales Rodrigo Can\u00e9 Vara y Mar\u00eda In\u00e9s Hansen. Recordemos [&hellip;]<\/p>\n","protected":false},"author":2,"featured_media":280,"comment_status":"closed","ping_status":"","sticky":false,"template":"","format":"standard","meta":{"footnotes":""},"categories":[2],"tags":[],"class_list":["post-279","post","type-post","status-publish","format-standard","has-post-thumbnail","hentry","category-novedades"],"_links":{"self":[{"href":"https:\/\/lagopuelo.gob.ar\/cd\/wp-json\/wp\/v2\/posts\/279","targetHints":{"allow":["GET"]}}],"collection":[{"href":"https:\/\/lagopuelo.gob.ar\/cd\/wp-json\/wp\/v2\/posts"}],"about":[{"href":"https:\/\/lagopuelo.gob.ar\/cd\/wp-json\/wp\/v2\/types\/post"}],"author":[{"embeddable":true,"href":"https:\/\/lagopuelo.gob.ar\/cd\/wp-json\/wp\/v2\/users\/2"}],"replies":[{"embeddable":true,"href":"https:\/\/lagopuelo.gob.ar\/cd\/wp-json\/wp\/v2\/comments?post=279"}],"version-history":[{"count":1,"href":"https:\/\/lagopuelo.gob.ar\/cd\/wp-json\/wp\/v2\/posts\/279\/revisions"}],"predecessor-version":[{"id":281,"href":"https:\/\/lagopuelo.gob.ar\/cd\/wp-json\/wp\/v2\/posts\/279\/revisions\/281"}],"wp:featuredmedia":[{"embeddable":true,"href":"https:\/\/lagopuelo.gob.ar\/cd\/wp-json\/wp\/v2\/media\/280"}],"wp:attachment":[{"href":"https:\/\/lagopuelo.gob.ar\/cd\/wp-json\/wp\/v2\/media?parent=279"}],"wp:term":[{"taxonomy":"category","embeddable":true,"href":"https:\/\/lagopuelo.gob.ar\/cd\/wp-json\/wp\/v2\/categories?post=279"},{"taxonomy":"post_tag","embeddable":true,"href":"https:\/\/lagopuelo.gob.ar\/cd\/wp-json\/wp\/v2\/tags?post=279"}],"curies":[{"name":"wp","href":"https:\/\/api.w.org\/{rel}","templated":true}]}}