{"id":263,"date":"2024-09-27T11:28:13","date_gmt":"2024-09-27T14:28:13","guid":{"rendered":"https:\/\/lagopuelo.gob.ar\/cd\/?p=263"},"modified":"2024-09-27T11:40:44","modified_gmt":"2024-09-27T14:40:44","slug":"se-aprobo-la-ordenanza-sobre-el-regimen-de-regularizacion-territorial","status":"publish","type":"post","link":"https:\/\/lagopuelo.gob.ar\/cd\/novedades\/se-aprobo-la-ordenanza-sobre-el-regimen-de-regularizacion-territorial\/","title":{"rendered":"Se aprob\u00f3 la ordenanza sobre el R\u00e9gimen de Regularizaci\u00f3n Territorial"},"content":{"rendered":"<p>Hoy se desarroll\u00f3 una nueva sesi\u00f3n ordinaria en la que participaron seis concejales titulares y dos suplentes. Al comienzo de la sesi\u00f3n, el Pte. Del Concejo Deliberante, Pablo Lapitzondo tom\u00f3 juramento al concejal Gabriel Brocca quien ocupa la banca de la concejal Anal\u00eda Castro del Partido Crecer que se encuentra de licencia, mientras que la concejal Paula Costa, se encuentra reemplazando al Mario \u00c1lvarez por el partido Justicialista.<\/p>\n<p>Los ediles dieron tratamiento a catorce temas establecidos en el orden del d\u00eda y uno sobre tablas y participaron en el recinto vecinos del sector denominado Bella Vista, del Paraje Las Golondrinas.<\/p>\n<p>Con el objetivo de ordenar la situaci\u00f3n actual en relaci\u00f3n a la regularizaci\u00f3n de tierras fiscales en un marco temporal espec\u00edfico en el cual se evaluaran las diversas situaciones que se han generado hasta el d\u00eda 31 de diciembre 2023, fue aprobado por unanimidad este proyecto.<\/p>\n<p>Con respecto a la consulta de los vecinos presentes en la Sala de Sesiones sobre el abastecimiento de los servicios, la Pta. Provisional del Concejo Deliberante, Valeria Thalmann indic\u00f3 que el objetivo es \u201cestablecer responsabilidades compartidas, tanto de la persona que est\u00e1 haciendo uso de la tierra, como del estado, y para eso \u2013aclar\u00f3- \u00a0debemos trabajar articuladamente.\u201d<\/p>\n<p>&nbsp;<\/p>\n<p>Por su parte el Concejal Can\u00e9 Vara dijo que el objetivo de esta reglamentaci\u00f3n es otorgarle un marco legal que permita ir realizando la regularizaci\u00f3n de las tierras, por lo cual los vecinos tienen que acercarse para comenzar a ir ordenando sus situaciones particulares.<\/p>\n<p>&nbsp;<\/p>\n<p>El Pte. Del Concejo Deliberante especific\u00f3 que un ochenta por ciento de las consultas que llegan al Concejo, tienen que ver con problem\u00e1ticas de tierras y \u201cel objetivo de esta normativa es comenzar a regularizarlas.\u201d<\/p>\n<p>Otra ordenanza aprobada hoy, tiene que ver con los valores de la tierra fiscal en las diferentes zonas del ejido municipal y seg\u00fan Unidad Fiscal.<\/p>\n<p>En esta normativa se tuvo en cuenta que seg\u00fan el tiempo transcurrido, fue necesario adecuar las normas y valores, como tambi\u00e9n mejorar las modalidades de pago, permitiendo as\u00ed la regularizaci\u00f3n de diferentes situaciones.<\/p>\n<p>&nbsp;<\/p>\n<p>Tambi\u00e9n fue declarado de inter\u00e9s municipal en forma un\u00e1nime el Festival en Conmemoraci\u00f3n del \u201cD\u00eda de la Patagonia&#8221; el cual se realizar\u00e1 el 11 de octubre del presente en nuestra localidad.<\/p>\n<p>En la declaraci\u00f3n, esta fecha se tuvo en cuenta seg\u00fan la Ley Nacional N\u00b0 25394, la cual en su art\u00edculo 1\u00b0: \u201cestablece que la fecha del 11 de octubre de cada a\u00f1o como D\u00eda Nacional de la Patagonia en recuerdo del 11 de octubre de 1878 en que se promulg\u00f3 la Ley 954 de creaci\u00f3n de la gobernaci\u00f3n del territorio de la Patagonia\u201d.<\/p>\n<p>En el marco de la sesi\u00f3n de hoy, fue aprobado el Registro de Oposici\u00f3n de nombre de calles del Paraje Las Golondrinas, el cual se realiz\u00f3 con un trabajo articulado entre la Direcci\u00f3n de Protecci\u00f3n Civil-Protecci\u00f3n Ciudadana-Licencias de Conducir, la Direcci\u00f3n de Catastro y vecinos del Paraje en representaci\u00f3n de la Junta Promotora, quienes verificaron las denominaciones y los tramos que cada calle contempla, logrando coherencia y consistencia en los datos.<\/p>\n<p>&nbsp;<\/p>\n<p><a href=\"https:\/\/www.facebook.com\/hashtag\/municipalidaddelagopuelo?__eep__=6&amp;__cft__%5b0%5d=AZUT3Pmm4UL8-zoJy3hQc1D8grFb2CWLAHK9MmS9aUjIEpDOZQDD9mTmPnwhElpGFqr8ZzjDo0pzl2n9chQ4Hqir0s3FrfAGASChmevlhDjBDNAx0nprS2RqOfnTwtqd4M449B6JJ9Xkl7yJyasF5xpOSHvZv14f_-aQzCk4Ja4VWP7fx9qmdV4N_tTVxrcXlEpFVZ21v3IOnY31kf4fuKY1&amp;__tn__=*NK-R\">#ConcejoDeliberanteDeLagoPuelo #MunicipalidadDeLagoPuelo<\/a> <a href=\"https:\/\/www.facebook.com\/hashtag\/lagopuelo?__eep__=6&amp;__cft__%5b0%5d=AZUT3Pmm4UL8-zoJy3hQc1D8grFb2CWLAHK9MmS9aUjIEpDOZQDD9mTmPnwhElpGFqr8ZzjDo0pzl2n9chQ4Hqir0s3FrfAGASChmevlhDjBDNAx0nprS2RqOfnTwtqd4M449B6JJ9Xkl7yJyasF5xpOSHvZv14f_-aQzCk4Ja4VWP7fx9qmdV4N_tTVxrcXlEpFVZ21v3IOnY31kf4fuKY1&amp;__tn__=*NK-R\">#LagoPuelo<\/a> <a href=\"https:\/\/www.facebook.com\/hashtag\/chubut?__eep__=6&amp;__cft__%5b0%5d=AZUT3Pmm4UL8-zoJy3hQc1D8grFb2CWLAHK9MmS9aUjIEpDOZQDD9mTmPnwhElpGFqr8ZzjDo0pzl2n9chQ4Hqir0s3FrfAGASChmevlhDjBDNAx0nprS2RqOfnTwtqd4M449B6JJ9Xkl7yJyasF5xpOSHvZv14f_-aQzCk4Ja4VWP7fx9qmdV4N_tTVxrcXlEpFVZ21v3IOnY31kf4fuKY1&amp;__tn__=*NK-R\">#Chubut<\/a> <a href=\"https:\/\/www.facebook.com\/hashtag\/lagopuelochubut?__eep__=6&amp;__cft__%5b0%5d=AZUT3Pmm4UL8-zoJy3hQc1D8grFb2CWLAHK9MmS9aUjIEpDOZQDD9mTmPnwhElpGFqr8ZzjDo0pzl2n9chQ4Hqir0s3FrfAGASChmevlhDjBDNAx0nprS2RqOfnTwtqd4M449B6JJ9Xkl7yJyasF5xpOSHvZv14f_-aQzCk4Ja4VWP7fx9qmdV4N_tTVxrcXlEpFVZ21v3IOnY31kf4fuKY1&amp;__tn__=*NK-R\">#LagoPueloChubut<\/a><\/p>\n","protected":false},"excerpt":{"rendered":"<p>Hoy se desarroll\u00f3 una nueva sesi\u00f3n ordinaria en la que participaron seis concejales titulares y dos suplentes. Al comienzo de la sesi\u00f3n, el Pte. Del Concejo Deliberante, Pablo Lapitzondo tom\u00f3 juramento al concejal Gabriel Brocca quien ocupa la banca de la concejal Anal\u00eda Castro del Partido Crecer que se encuentra de licencia, mientras que la [&hellip;]<\/p>\n","protected":false},"author":2,"featured_media":264,"comment_status":"closed","ping_status":"","sticky":false,"template":"","format":"standard","meta":{"footnotes":""},"categories":[2],"tags":[],"class_list":["post-263","post","type-post","status-publish","format-standard","has-post-thumbnail","hentry","category-novedades"],"_links":{"self":[{"href":"https:\/\/lagopuelo.gob.ar\/cd\/wp-json\/wp\/v2\/posts\/263","targetHints":{"allow":["GET"]}}],"collection":[{"href":"https:\/\/lagopuelo.gob.ar\/cd\/wp-json\/wp\/v2\/posts"}],"about":[{"href":"https:\/\/lagopuelo.gob.ar\/cd\/wp-json\/wp\/v2\/types\/post"}],"author":[{"embeddable":true,"href":"https:\/\/lagopuelo.gob.ar\/cd\/wp-json\/wp\/v2\/users\/2"}],"replies":[{"embeddable":true,"href":"https:\/\/lagopuelo.gob.ar\/cd\/wp-json\/wp\/v2\/comments?post=263"}],"version-history":[{"count":2,"href":"https:\/\/lagopuelo.gob.ar\/cd\/wp-json\/wp\/v2\/posts\/263\/revisions"}],"predecessor-version":[{"id":266,"href":"https:\/\/lagopuelo.gob.ar\/cd\/wp-json\/wp\/v2\/posts\/263\/revisions\/266"}],"wp:featuredmedia":[{"embeddable":true,"href":"https:\/\/lagopuelo.gob.ar\/cd\/wp-json\/wp\/v2\/media\/264"}],"wp:attachment":[{"href":"https:\/\/lagopuelo.gob.ar\/cd\/wp-json\/wp\/v2\/media?parent=263"}],"wp:term":[{"taxonomy":"category","embeddable":true,"href":"https:\/\/lagopuelo.gob.ar\/cd\/wp-json\/wp\/v2\/categories?post=263"},{"taxonomy":"post_tag","embeddable":true,"href":"https:\/\/lagopuelo.gob.ar\/cd\/wp-json\/wp\/v2\/tags?post=263"}],"curies":[{"name":"wp","href":"https:\/\/api.w.org\/{rel}","templated":true}]}}