{"id":216,"date":"2024-09-16T10:57:36","date_gmt":"2024-09-16T13:57:36","guid":{"rendered":"https:\/\/lagopuelo.gob.ar\/cd\/?p=216"},"modified":"2024-09-16T10:57:36","modified_gmt":"2024-09-16T13:57:36","slug":"sesion-ordinaria-concejales-aprobaron-la-totalidad-de-los-proyectos","status":"publish","type":"post","link":"https:\/\/lagopuelo.gob.ar\/cd\/novedades\/sesion-ordinaria-concejales-aprobaron-la-totalidad-de-los-proyectos\/","title":{"rendered":"Sesi\u00f3n Ordinaria: Concejales aprobaron la totalidad de los proyectos"},"content":{"rendered":"<div class=\"x11i5rnm xat24cr x1mh8g0r x1vvkbs xtlvy1s x126k92a\">\n<div dir=\"auto\">En la Sesi\u00f3n Ordinaria de este viernes 13 de septiembre fueron aprobados todos los temas establecidos en el orden del d\u00eda y los tres sobre tablas:<\/div>\n<\/div>\n<div class=\"x11i5rnm xat24cr x1mh8g0r x1vvkbs xtlvy1s x126k92a\">\n<div dir=\"auto\"><span class=\"html-span xexx8yu x4uap5 x18d9i69 xkhd6sd x1hl2dhg x16tdsg8 x1vvkbs x3nfvp2 x1j61x8r x1fcty0u xdj266r xat24cr xgzva0m xhhsvwb xxymvpz xlup9mm x1kky2od\"><img loading=\"lazy\" decoding=\"async\" class=\"xz74otr\" src=\"https:\/\/static.xx.fbcdn.net\/images\/emoji.php\/v9\/t8d\/1\/16\/2611.png\" alt=\"\u2611\ufe0f\" width=\"16\" height=\"16\" \/><\/span>La aprobaci\u00f3n del Acta Acuerdo entre la Secretaria de Ambiente y Control del Desarrollo Sustentable de la Provincia del Chubut y la Municipalidad de Lago Puelo- Capacitaci\u00f3n Integral en Ambiente \u201cLey Yolanda\u201d tiene entre sus objetivos garantizar la formaci\u00f3n integral en ambiente, con perspectiva de desarrollo sostenible y con \u00e9nfasis en cambio clim\u00e1tico para las personas que se desempe\u00f1en en la funci\u00f3n p\u00fablica.<\/div>\n<\/div>\n<div class=\"x11i5rnm xat24cr x1mh8g0r x1vvkbs xtlvy1s x126k92a\">\n<div dir=\"auto\"><span class=\"html-span xexx8yu x4uap5 x18d9i69 xkhd6sd x1hl2dhg x16tdsg8 x1vvkbs x3nfvp2 x1j61x8r x1fcty0u xdj266r xat24cr xgzva0m xhhsvwb xxymvpz xlup9mm x1kky2od\"><img loading=\"lazy\" decoding=\"async\" class=\"xz74otr\" src=\"https:\/\/static.xx.fbcdn.net\/images\/emoji.php\/v9\/t8d\/1\/16\/2611.png\" alt=\"\u2611\ufe0f\" width=\"16\" height=\"16\" \/><\/span>En relaci\u00f3n a la creaci\u00f3n del espacio de estacionamiento exclusivo para veteranos de Malvinas, el Cuerpo de concejales consider\u00f3 oportuno otorgar dicho espacio en un sector representativo de la localidad con el objeto de reivindicar el honor en defensa de la soberan\u00eda nacional. El mismo estar\u00e1 ubicado sobre la Avenida Los Notros en una zona de f\u00e1cil acceso y visibilidad, determinada en conjunto con las \u00e1reas de Planificaci\u00f3n Urbana y Tr\u00e1nsito del Municipio, sugiri\u00e9ndose se reserve un espacio sobre la avenida mencionada en el estacionamiento a 45\u00b0.<\/div>\n<\/div>\n<div class=\"x11i5rnm xat24cr x1mh8g0r x1vvkbs xtlvy1s x126k92a\">\n<div dir=\"auto\"><span class=\"html-span xexx8yu x4uap5 x18d9i69 xkhd6sd x1hl2dhg x16tdsg8 x1vvkbs x3nfvp2 x1j61x8r x1fcty0u xdj266r xat24cr xgzva0m xhhsvwb xxymvpz xlup9mm x1kky2od\"><img loading=\"lazy\" decoding=\"async\" class=\"xz74otr\" src=\"https:\/\/static.xx.fbcdn.net\/images\/emoji.php\/v9\/t8d\/1\/16\/2611.png\" alt=\"\u2611\ufe0f\" width=\"16\" height=\"16\" \/><\/span>En la declaraci\u00f3n de Inter\u00e9s Municipal a la Campa\u00f1a Educativa y de Prevenci\u00f3n de Incendios Forestales aprobada esta ma\u00f1ana se tom\u00f3 como uno de los objetivo la prevenci\u00f3n de incendios forestales, rurales y de interfase a trav\u00e9s de procesos de ense\u00f1anza y aprendizaje en mutua cooperaci\u00f3n entre las instituciones que se dedican a la prevenci\u00f3n y manejo del fuego y el sistema educativo formal, en aspectos vinculados al ecosistema.<\/div>\n<\/div>\n<div class=\"x11i5rnm xat24cr x1mh8g0r x1vvkbs xtlvy1s x126k92a\">\n<div dir=\"auto\"><span class=\"html-span xexx8yu x4uap5 x18d9i69 xkhd6sd x1hl2dhg x16tdsg8 x1vvkbs x3nfvp2 x1j61x8r x1fcty0u xdj266r xat24cr xgzva0m xhhsvwb xxymvpz xlup9mm x1kky2od\"><img loading=\"lazy\" decoding=\"async\" class=\"xz74otr\" src=\"https:\/\/static.xx.fbcdn.net\/images\/emoji.php\/v9\/t8d\/1\/16\/2611.png\" alt=\"\u2611\ufe0f\" width=\"16\" height=\"16\" \/><\/span>Sobre la Comunicaci\u00f3n aprobada en relaci\u00f3n a garantizar el ingreso a los cursos de agua existentes en el ejido de Lago Puelo se tuvo en cuenta no solo garantizar y reglamentar el libre acceso y uso de espacios de dominio p\u00fablico, costas y cursos naturales o artificiales que se encuentren en su ejido como as\u00ed tambi\u00e9n que el Municipio tiene el deber de abrir las calles p\u00fablicas.<\/div>\n<\/div>\n<div class=\"x11i5rnm xat24cr x1mh8g0r x1vvkbs xtlvy1s x126k92a\">\n<div dir=\"auto\"><span class=\"html-span xexx8yu x4uap5 x18d9i69 xkhd6sd x1hl2dhg x16tdsg8 x1vvkbs x3nfvp2 x1j61x8r x1fcty0u xdj266r xat24cr xgzva0m xhhsvwb xxymvpz xlup9mm x1kky2od\"><img loading=\"lazy\" decoding=\"async\" class=\"xz74otr\" src=\"https:\/\/static.xx.fbcdn.net\/images\/emoji.php\/v9\/t8d\/1\/16\/2611.png\" alt=\"\u2611\ufe0f\" width=\"16\" height=\"16\" \/><\/span>Fueron aprobadas cuatro adjudicaciones en venta a vecinos de la localidad que vienen solicitando sus terrenos. \u201cEstamos tratando de gestionar t\u00edtulos de propiedad y que se puedan otorgar desde el Municipio\u201d, manifest\u00f3 el Pte. Del Concejo.<\/div>\n<\/div>\n<div class=\"x11i5rnm xat24cr x1mh8g0r x1vvkbs xtlvy1s x126k92a\">\n<div dir=\"auto\">En hora de preferencia los concejales Castro y Ojeda manifestaron su repudio a los hechos ocurridos recientemente en relaci\u00f3n a una solicitud de informaci\u00f3n sobre la extracci\u00f3n de \u00e1ridos en una cantera ubicada en el Paraje Cerro Radal y la visita ese mismo d\u00eda de un empresario privado a un conejal del Bloque Crecer.<\/div>\n<div dir=\"auto\">Al respecto el Pte. Del Concejo Deliberante, Pablo Lapitzondo adhiri\u00f3 a dicho repudio y valor\u00f3 el acompa\u00f1amiento de los distintos Bloques que conforman el seno del Concejo Deliberante \u201cvienen acompa\u00f1ando los proyectos y no hablamos de palos en la rueda\u201d.<\/div>\n<\/div>\n<div class=\"x11i5rnm xat24cr x1mh8g0r x1vvkbs xtlvy1s x126k92a\">\n<div dir=\"auto\"><span class=\"html-span xdj266r x11i5rnm xat24cr x1mh8g0r xexx8yu x4uap5 x18d9i69 xkhd6sd x1hl2dhg x16tdsg8 x1vvkbs\"><a class=\"x1i10hfl xjbqb8w x1ejq31n xd10rxx x1sy0etr x17r0tee x972fbf xcfux6l x1qhh985 xm0m39n x9f619 x1ypdohk xt0psk2 xe8uvvx xdj266r x11i5rnm xat24cr x1mh8g0r xexx8yu x4uap5 x18d9i69 xkhd6sd x16tdsg8 x1hl2dhg xggy1nq x1a2a7pz x1sur9pj xkrqix3 x1fey0fg xo1l8bm\" role=\"link\" href=\"https:\/\/www.facebook.com\/hashtag\/concejodeliberantedelagopuelo?__eep__=6&amp;__cft__[0]=AZURr6-ee6A6bZXm_WPZSCo2L3ziGX34H-l6Ne4HU-fVLo8o9OtA-bH_1EynVuALz068exOdQcIC_OiiIbWEaxOgNk70TKFdoPgJLNhe7JDomZCXzCZisft0ziBgYZUDq9sIxNuyQBvzwzOJx_1r-syt6GJ9P3vniWUpsi0Ry4ZpWK7grK_XXGF2agh8ay5M4MZHzy7FYK6VSgXZnKwsrsYK&amp;__tn__=*NK-R\">#ConcejoDeliberanteDeLagoPuelo<\/a><\/span> <span class=\"html-span xdj266r x11i5rnm xat24cr x1mh8g0r xexx8yu x4uap5 x18d9i69 xkhd6sd x1hl2dhg x16tdsg8 x1vvkbs\"><a class=\"x1i10hfl xjbqb8w x1ejq31n xd10rxx x1sy0etr x17r0tee x972fbf xcfux6l x1qhh985 xm0m39n x9f619 x1ypdohk xt0psk2 xe8uvvx xdj266r x11i5rnm xat24cr x1mh8g0r xexx8yu x4uap5 x18d9i69 xkhd6sd x16tdsg8 x1hl2dhg xggy1nq x1a2a7pz x1sur9pj xkrqix3 x1fey0fg xo1l8bm\" role=\"link\" href=\"https:\/\/www.facebook.com\/hashtag\/municipalidaddelagopuelo?__eep__=6&amp;__cft__[0]=AZURr6-ee6A6bZXm_WPZSCo2L3ziGX34H-l6Ne4HU-fVLo8o9OtA-bH_1EynVuALz068exOdQcIC_OiiIbWEaxOgNk70TKFdoPgJLNhe7JDomZCXzCZisft0ziBgYZUDq9sIxNuyQBvzwzOJx_1r-syt6GJ9P3vniWUpsi0Ry4ZpWK7grK_XXGF2agh8ay5M4MZHzy7FYK6VSgXZnKwsrsYK&amp;__tn__=*NK-R\">#MunicipalidadDeLagoPuelo<\/a><\/span> <span class=\"html-span xdj266r x11i5rnm xat24cr x1mh8g0r xexx8yu x4uap5 x18d9i69 xkhd6sd x1hl2dhg x16tdsg8 x1vvkbs\"><a class=\"x1i10hfl xjbqb8w x1ejq31n xd10rxx x1sy0etr x17r0tee x972fbf xcfux6l x1qhh985 xm0m39n x9f619 x1ypdohk xt0psk2 xe8uvvx xdj266r x11i5rnm xat24cr x1mh8g0r xexx8yu x4uap5 x18d9i69 xkhd6sd x16tdsg8 x1hl2dhg xggy1nq x1a2a7pz x1sur9pj xkrqix3 x1fey0fg xo1l8bm\" role=\"link\" href=\"https:\/\/www.facebook.com\/hashtag\/lagopuelo?__eep__=6&amp;__cft__[0]=AZURr6-ee6A6bZXm_WPZSCo2L3ziGX34H-l6Ne4HU-fVLo8o9OtA-bH_1EynVuALz068exOdQcIC_OiiIbWEaxOgNk70TKFdoPgJLNhe7JDomZCXzCZisft0ziBgYZUDq9sIxNuyQBvzwzOJx_1r-syt6GJ9P3vniWUpsi0Ry4ZpWK7grK_XXGF2agh8ay5M4MZHzy7FYK6VSgXZnKwsrsYK&amp;__tn__=*NK-R\">#LagoPuelo<\/a><\/span> <span class=\"html-span xdj266r x11i5rnm xat24cr x1mh8g0r xexx8yu x4uap5 x18d9i69 xkhd6sd x1hl2dhg x16tdsg8 x1vvkbs\"><a class=\"x1i10hfl xjbqb8w x1ejq31n xd10rxx x1sy0etr x17r0tee x972fbf xcfux6l x1qhh985 xm0m39n x9f619 x1ypdohk xt0psk2 xe8uvvx xdj266r x11i5rnm xat24cr x1mh8g0r xexx8yu x4uap5 x18d9i69 xkhd6sd x16tdsg8 x1hl2dhg xggy1nq x1a2a7pz x1sur9pj xkrqix3 x1fey0fg xo1l8bm\" role=\"link\" href=\"https:\/\/www.facebook.com\/hashtag\/chubut?__eep__=6&amp;__cft__[0]=AZURr6-ee6A6bZXm_WPZSCo2L3ziGX34H-l6Ne4HU-fVLo8o9OtA-bH_1EynVuALz068exOdQcIC_OiiIbWEaxOgNk70TKFdoPgJLNhe7JDomZCXzCZisft0ziBgYZUDq9sIxNuyQBvzwzOJx_1r-syt6GJ9P3vniWUpsi0Ry4ZpWK7grK_XXGF2agh8ay5M4MZHzy7FYK6VSgXZnKwsrsYK&amp;__tn__=*NK-R\">#Chubut<\/a><\/span> <span class=\"html-span xdj266r x11i5rnm xat24cr x1mh8g0r xexx8yu x4uap5 x18d9i69 xkhd6sd x1hl2dhg x16tdsg8 x1vvkbs\"><a class=\"x1i10hfl xjbqb8w x1ejq31n xd10rxx x1sy0etr x17r0tee x972fbf xcfux6l x1qhh985 xm0m39n x9f619 x1ypdohk xt0psk2 xe8uvvx xdj266r x11i5rnm xat24cr x1mh8g0r xexx8yu x4uap5 x18d9i69 xkhd6sd x16tdsg8 x1hl2dhg xggy1nq x1a2a7pz x1sur9pj xkrqix3 x1fey0fg xo1l8bm\" role=\"link\" href=\"https:\/\/www.facebook.com\/hashtag\/lagopuelochubut?__eep__=6&amp;__cft__[0]=AZURr6-ee6A6bZXm_WPZSCo2L3ziGX34H-l6Ne4HU-fVLo8o9OtA-bH_1EynVuALz068exOdQcIC_OiiIbWEaxOgNk70TKFdoPgJLNhe7JDomZCXzCZisft0ziBgYZUDq9sIxNuyQBvzwzOJx_1r-syt6GJ9P3vniWUpsi0Ry4ZpWK7grK_XXGF2agh8ay5M4MZHzy7FYK6VSgXZnKwsrsYK&amp;__tn__=*NK-R\">#LagoPueloChubut<\/a><\/span><\/div>\n<\/div>\n","protected":false},"excerpt":{"rendered":"<p>En la Sesi\u00f3n Ordinaria de este viernes 13 de septiembre fueron aprobados todos los temas establecidos en el orden del d\u00eda y los tres sobre tablas: La aprobaci\u00f3n del Acta Acuerdo entre la Secretaria de Ambiente y Control del Desarrollo Sustentable de la Provincia del Chubut y la Municipalidad de Lago Puelo- Capacitaci\u00f3n Integral en [&hellip;]<\/p>\n","protected":false},"author":2,"featured_media":205,"comment_status":"closed","ping_status":"","sticky":false,"template":"","format":"standard","meta":{"footnotes":""},"categories":[2],"tags":[],"class_list":["post-216","post","type-post","status-publish","format-standard","has-post-thumbnail","hentry","category-novedades"],"_links":{"self":[{"href":"https:\/\/lagopuelo.gob.ar\/cd\/wp-json\/wp\/v2\/posts\/216","targetHints":{"allow":["GET"]}}],"collection":[{"href":"https:\/\/lagopuelo.gob.ar\/cd\/wp-json\/wp\/v2\/posts"}],"about":[{"href":"https:\/\/lagopuelo.gob.ar\/cd\/wp-json\/wp\/v2\/types\/post"}],"author":[{"embeddable":true,"href":"https:\/\/lagopuelo.gob.ar\/cd\/wp-json\/wp\/v2\/users\/2"}],"replies":[{"embeddable":true,"href":"https:\/\/lagopuelo.gob.ar\/cd\/wp-json\/wp\/v2\/comments?post=216"}],"version-history":[{"count":1,"href":"https:\/\/lagopuelo.gob.ar\/cd\/wp-json\/wp\/v2\/posts\/216\/revisions"}],"predecessor-version":[{"id":218,"href":"https:\/\/lagopuelo.gob.ar\/cd\/wp-json\/wp\/v2\/posts\/216\/revisions\/218"}],"wp:featuredmedia":[{"embeddable":true,"href":"https:\/\/lagopuelo.gob.ar\/cd\/wp-json\/wp\/v2\/media\/205"}],"wp:attachment":[{"href":"https:\/\/lagopuelo.gob.ar\/cd\/wp-json\/wp\/v2\/media?parent=216"}],"wp:term":[{"taxonomy":"category","embeddable":true,"href":"https:\/\/lagopuelo.gob.ar\/cd\/wp-json\/wp\/v2\/categories?post=216"},{"taxonomy":"post_tag","embeddable":true,"href":"https:\/\/lagopuelo.gob.ar\/cd\/wp-json\/wp\/v2\/tags?post=216"}],"curies":[{"name":"wp","href":"https:\/\/api.w.org\/{rel}","templated":true}]}}