{"id":129,"date":"2024-09-05T09:17:17","date_gmt":"2024-09-05T12:17:17","guid":{"rendered":"https:\/\/lagopuelo.gob.ar\/cd\/?p=129"},"modified":"2024-09-05T09:17:17","modified_gmt":"2024-09-05T12:17:17","slug":"sesion-ordinaria-veintiun-temas-aprobados-en-el-orden-del-dia","status":"publish","type":"post","link":"https:\/\/lagopuelo.gob.ar\/cd\/novedades\/sesion-ordinaria-veintiun-temas-aprobados-en-el-orden-del-dia\/","title":{"rendered":"Sesi\u00f3n Ordinaria: Veinti\u00fan temas aprobados en el orden del d\u00eda"},"content":{"rendered":"\n<p>Hoy sesion\u00f3 el Concejo Deliberante de Lago Puelo d\u00e1ndole tratamiento a veintid\u00f3s temas establecidos en el orden del d\u00eda y tres sobre tablas.<\/p>\n\n\n\n<p>Participaron todos los ediles en el tratamiento de los temas y en lugar del concejal Mario \u00c1lvarez, que se encuentra de licencia, particip\u00f3 de la sesi\u00f3n la concejal Paula Costa.<\/p>\n\n\n\n<p>Entre los temas tratados por los ediles en la ma\u00f1ana de hoy qued\u00f3 ratificado el convenio entre la <a><\/a>Administraci\u00f3n de Vialidad Provincial y la Municipalidad de Lago Puelo, el cual establece la pavimentaci\u00f3n con adoquines de hormig\u00f3n en el sector de Acceso al Puente del Paraje Entre R\u00edos.<\/p>\n\n\n\n<p>Tambi\u00e9n se aprob\u00f3 por unanimidad la declaraci\u00f3n de inter\u00e9s al celebrarse el pr\u00f3ximo 12 de septiembre del presente el 40\u00b0 Aniversario de la Asociaci\u00f3n de Bomberos Voluntarios de Lago Puelo.<\/p>\n\n\n\n<p>Repasando un poco la historia de nuestra localidad, el origen de esta instituci\u00f3n data de su primera intervenci\u00f3n, un 11 de septiembre de 1984 en un incendio que afect\u00f3 la panader\u00eda de la vecina Olga Castro, el cual en ese momento fue asistido por un grupo de vecinos que acudieron desinteresadamente.<\/p>\n\n\n\n<p>Ese mismo a\u00f1o fue fundada la Asociaci\u00f3n de Bomberos Voluntarios de Lago Puelo y desde entonces ha brindado un servicio esencial en la protecci\u00f3n contra incendios, asistencia en emergencias y cat\u00e1strofes naturales, as\u00ed como tambi\u00e9n en la educaci\u00f3n y concientizaci\u00f3n de la poblaci\u00f3n en temas de prevenci\u00f3n.<\/p>\n\n\n\n<p>En reconocimiento a su invaluable labor y dedicaci\u00f3n a lo largo de estos a\u00f1os, el Concejo Deliberante de Lago Puelo declar\u00f3 de inter\u00e9s un nuevo aniversario de su fundaci\u00f3n. Se remiti\u00f3 copia a la Honorable Legislatura Provincial para su conocimiento y efectos.<\/p>\n\n\n\n<p>Tambi\u00e9n se declar\u00f3 de inter\u00e9s municipal el Programa Conectadxos, el cual tiene como objetivo garantizar el acceso de las adolescencias al sistema sanitario, construyendo condiciones que permitan cuidar y mejorar la salud de los j\u00f3venes con perspectivas de derechos, salud sexual integral, g\u00e9nero y diversidad.<\/p>\n\n\n\n<p>Se trata de un dispositivo virtual de atenci\u00f3n primaria de la salud, que trabaja a trav\u00e9s de asesor\u00edas en las escuelas y de atenci\u00f3n en consultorios como en el Centro de Salud de Cerro Radal.<\/p>\n\n\n\n<p>A favor del medio ambiente<\/p>\n\n\n\n<p>Todos los concejales votaron afirmativamente el proyecto relacionado con la instalaci\u00f3n de ceniceros recept\u00e1culos de colillas de cigarrillos en espacios p\u00fablicos.<\/p>\n\n\n\n<p>El esp\u00edritu de este proyecto presentado por el Partido Crecer tiene entre sus objetivos generar conciencia a nuestra poblaci\u00f3n sobre las problem\u00e1ticas ocasionadas al medio ambiente a causa de la cantidad de colillas de cigarrillos tiradas en la v\u00eda p\u00fablica. Se calcula mundialmente que se consume alrededor de 6,5 billones de cigarrillos al a\u00f1o; esto representa 18 mil millones de colillas por d\u00eda, las cuales tardan en degradarse entre 2 y 25 a\u00f1os. Esto ocasiona contaminaci\u00f3n y un efecto negativo en nuestros reservorios de agua, suelos, plazas, espacios y dem\u00e1s lugares p\u00fablicos o privados de acceso p\u00fablico.<\/p>\n\n\n\n<p>A trav\u00e9s de esta ordenanza aprobada hoy, se proceder\u00e1 a la instalaci\u00f3n de ceniceros recept\u00e1culos de colillas de cigarrillos en espacios p\u00fablicos, espacios verdes, espacios de uso com\u00fan, instalaciones p\u00fablicas, postes del ejido de Lago Puelo y en lugares concurridos en los que se considere de alta transmisibilidad.<\/p>\n\n\n\n<p>Tambi\u00e9n fue aprobado en forma un\u00e1nime un proyecto de comunicaci\u00f3n respecto del colapso del muelle del Parque Nacional Lago Puelo. Dicha comunicaci\u00f3n se sustenta seg\u00fan su articulado \u2013entre otras cuestiones- en el abandono de infraestructura existente dentro del Parque como los n\u00facleos de sanitarios, la vieja proveedur\u00eda, el camping organizado, el camping agreste y circuitos como el del Bosque de las Sombras, sobre los que dice el proyecto se encuentran en estado de abandono como as\u00ed tambi\u00e9n la falta de higiene en el \u00e1rea p\u00fablica y la ausencia de mantenimientos preventivo en relaci\u00f3n a incendios, que agravan a\u00fan m\u00e1s la situaci\u00f3n dentro del Parque.<\/p>\n\n\n\n<p>El proyecto tiene como finalidad comunicar al Departamento Ejecutivo Municipal la urgente necesidad de interceder y consultar al intendente del Parque Nacional Lago Puelo y por su intermedio a la Administraci\u00f3n de Parques Nacionales sobre las medidas inmediatas que se tomar\u00e1n respecto de la seguridad, como as\u00ed tambi\u00e9n a la gesti\u00f3n y reconstrucci\u00f3n del \u00fanico muelle del Lago Puelo.<\/p>\n\n\n\n<p>Al respecto el Pte. Del Concejo Deliberante, Pablo Lapitzondo inform\u00f3 a los ediles que el intendente del Parque Nacional Lago Puelo, Sergio Rusak se puso a disposici\u00f3n para participar de alguna reuni\u00f3n de Comisi\u00f3n para informar y dar detalles acerca de este tema.<\/p>\n\n\n\n<p>El concejal Mat\u00edas Ojeda, uno de los autores del proyecto inform\u00f3 que mantuvo comunicaci\u00f3n con el Ministro de Turismo provincial respecto al tema en su \u00faltima visita a nuestra localidad en la cual \u201cse convers\u00f3 acerca de una posible reuni\u00f3n con referentes de la Direcci\u00f3n Nacional del Parques Nacionales, para la cual aguardamos respuesta\u201d, especific\u00f3.<\/p>\n\n\n\n<p>Por otra parte tambi\u00e9n qued\u00f3 aprobado por todos los concejales un proyecto de comunicaci\u00f3n en el cual se solicita al Departamento Ejecutivo Municipal, disponga responsable del armado de Juntas Vecinales, a fin de proveer de la documentaci\u00f3n y seguimiento necesario.<\/p>\n\n\n\n<p>Entre los considerandos de este proyecto figura la urgente necesidad de conformar las Juntas Vecinales con el objeto de cumplir con su aporte imprescindible en la conformaci\u00f3n de criterios barriales, comarcales, dada la precisi\u00f3n y conocimientos sobre las problem\u00e1ticas espec\u00edficas que dichas Juntas poseen.<\/p>\n\n\n\n<p><a href=\"https:\/\/www.facebook.com\/hashtag\/concejodeliberantedelagopuelo?__eep__=6&amp;__cft__[0]=AZVtp2N7ZY7ak8EHE6aY1duL0j1wlzcC7mFui4XELJz3yKxSewnoIXDhs-T8LBJV5VkJJdOAdxurzfkF-lubGUK_STFScu8BgBPC05ycnKUryR1PjkB1cZMfl8U2FZofL9wmQftFdW5oWI0mKLcj6MFrAVrOrJ7DxkTQHrcuFduS8XCoM1du544NyBlVWCRi0bxDOAwomXglXgXXet64BZB6&amp;__tn__=*NK-R\">#ConcejoDeliberanteDeLagoPuelo<\/a><a href=\"https:\/\/www.facebook.com\/hashtag\/municipalidaddelagopuelo?__eep__=6&amp;__cft__[0]=AZVtp2N7ZY7ak8EHE6aY1duL0j1wlzcC7mFui4XELJz3yKxSewnoIXDhs-T8LBJV5VkJJdOAdxurzfkF-lubGUK_STFScu8BgBPC05ycnKUryR1PjkB1cZMfl8U2FZofL9wmQftFdW5oWI0mKLcj6MFrAVrOrJ7DxkTQHrcuFduS8XCoM1du544NyBlVWCRi0bxDOAwomXglXgXXet64BZB6&amp;__tn__=*NK-R\">#MunicipalidadDeLagoPuelo<\/a><a href=\"https:\/\/www.facebook.com\/hashtag\/lagopuelo?__eep__=6&amp;__cft__[0]=AZVtp2N7ZY7ak8EHE6aY1duL0j1wlzcC7mFui4XELJz3yKxSewnoIXDhs-T8LBJV5VkJJdOAdxurzfkF-lubGUK_STFScu8BgBPC05ycnKUryR1PjkB1cZMfl8U2FZofL9wmQftFdW5oWI0mKLcj6MFrAVrOrJ7DxkTQHrcuFduS8XCoM1du544NyBlVWCRi0bxDOAwomXglXgXXet64BZB6&amp;__tn__=*NK-R\">#LagoPuelo<\/a><a href=\"https:\/\/www.facebook.com\/hashtag\/chubut?__eep__=6&amp;__cft__[0]=AZVtp2N7ZY7ak8EHE6aY1duL0j1wlzcC7mFui4XELJz3yKxSewnoIXDhs-T8LBJV5VkJJdOAdxurzfkF-lubGUK_STFScu8BgBPC05ycnKUryR1PjkB1cZMfl8U2FZofL9wmQftFdW5oWI0mKLcj6MFrAVrOrJ7DxkTQHrcuFduS8XCoM1du544NyBlVWCRi0bxDOAwomXglXgXXet64BZB6&amp;__tn__=*NK-R\">#Chubut<\/a><a href=\"https:\/\/www.facebook.com\/hashtag\/lagopuelochubut?__eep__=6&amp;__cft__[0]=AZVtp2N7ZY7ak8EHE6aY1duL0j1wlzcC7mFui4XELJz3yKxSewnoIXDhs-T8LBJV5VkJJdOAdxurzfkF-lubGUK_STFScu8BgBPC05ycnKUryR1PjkB1cZMfl8U2FZofL9wmQftFdW5oWI0mKLcj6MFrAVrOrJ7DxkTQHrcuFduS8XCoM1du544NyBlVWCRi0bxDOAwomXglXgXXet64BZB6&amp;__tn__=*NK-R\">#LagoPueloChubut<\/a><\/p>\n","protected":false},"excerpt":{"rendered":"<p>Hoy sesion\u00f3 el Concejo Deliberante de Lago Puelo d\u00e1ndole tratamiento a veintid\u00f3s temas establecidos en el orden del d\u00eda y tres sobre tablas. Participaron todos los ediles en el tratamiento de los temas y en lugar del concejal Mario \u00c1lvarez, que se encuentra de licencia, particip\u00f3 de la sesi\u00f3n la concejal Paula Costa. Entre los [&hellip;]<\/p>\n","protected":false},"author":1,"featured_media":130,"comment_status":"closed","ping_status":"closed","sticky":false,"template":"","format":"standard","meta":{"footnotes":""},"categories":[2],"tags":[],"class_list":["post-129","post","type-post","status-publish","format-standard","has-post-thumbnail","hentry","category-novedades"],"_links":{"self":[{"href":"https:\/\/lagopuelo.gob.ar\/cd\/wp-json\/wp\/v2\/posts\/129","targetHints":{"allow":["GET"]}}],"collection":[{"href":"https:\/\/lagopuelo.gob.ar\/cd\/wp-json\/wp\/v2\/posts"}],"about":[{"href":"https:\/\/lagopuelo.gob.ar\/cd\/wp-json\/wp\/v2\/types\/post"}],"author":[{"embeddable":true,"href":"https:\/\/lagopuelo.gob.ar\/cd\/wp-json\/wp\/v2\/users\/1"}],"replies":[{"embeddable":true,"href":"https:\/\/lagopuelo.gob.ar\/cd\/wp-json\/wp\/v2\/comments?post=129"}],"version-history":[{"count":1,"href":"https:\/\/lagopuelo.gob.ar\/cd\/wp-json\/wp\/v2\/posts\/129\/revisions"}],"predecessor-version":[{"id":131,"href":"https:\/\/lagopuelo.gob.ar\/cd\/wp-json\/wp\/v2\/posts\/129\/revisions\/131"}],"wp:featuredmedia":[{"embeddable":true,"href":"https:\/\/lagopuelo.gob.ar\/cd\/wp-json\/wp\/v2\/media\/130"}],"wp:attachment":[{"href":"https:\/\/lagopuelo.gob.ar\/cd\/wp-json\/wp\/v2\/media?parent=129"}],"wp:term":[{"taxonomy":"category","embeddable":true,"href":"https:\/\/lagopuelo.gob.ar\/cd\/wp-json\/wp\/v2\/categories?post=129"},{"taxonomy":"post_tag","embeddable":true,"href":"https:\/\/lagopuelo.gob.ar\/cd\/wp-json\/wp\/v2\/tags?post=129"}],"curies":[{"name":"wp","href":"https:\/\/api.w.org\/{rel}","templated":true}]}}